{"id":6094,"date":"2025-12-29T13:11:27","date_gmt":"2025-12-29T19:11:27","guid":{"rendered":"https:\/\/www.csc-sask.ca\/?p=6094"},"modified":"2025-12-29T13:11:30","modified_gmt":"2025-12-29T19:11:30","slug":"resume-hebdomadaire-3-au-9-decembre","status":"publish","type":"post","link":"https:\/\/www.csc-sask.ca\/fr\/resume-hebdomadaire-3-au-9-decembre\/","title":{"rendered":"R\u00e9sum\u00e9 hebdomadaire \u2013 3\u00a0au 9\u00a0d\u00e9cembre"},"content":{"rendered":"\n<p class=\"wp-block-paragraph\"><strong>Reschny nomm\u00e9 au camp mondial junior de Hockey Canada<\/strong><\/p>\n\n\n\n<p class=\"wp-block-paragraph\">Hockey Canada a annonc\u00e9 Macklin Forward, Cole Reschny, dans le cadre de la <a href=\"https:\/\/hockeycanada.ca\/fr-ca\/team-canada\/men\/junior\/2025-26\/world-championship\/stats\/team-rosters?teamid=100&amp;pretournament=true\">liste des 27&nbsp;joueurs<\/a> qui comp\u00e9titionneront pour repr\u00e9senter la nation au Championnat mondial junior&nbsp;2026 de l\u2019IIHF.<\/p>\n\n\n\n<p class=\"wp-block-paragraph\">Reschny se joindra au reste des invit\u00e9s au camp d\u2019entra\u00eenement du 13 au 22&nbsp;d\u00e9cembre \u00e0 Niagara Falls dans l\u2019espoir d\u2019\u00eatre s\u00e9lectionn\u00e9 et de participer au tournoi du Canada du 26&nbsp;d\u00e9cembre au 5&nbsp;janvier \u00e0 St. Paul et \u00e0 Minneapolis.<\/p>\n\n\n\n<p class=\"wp-block-paragraph\">Le Canada comp\u00e9titionnera dans le groupe B contre la Finlande, la R\u00e9publique tch\u00e8que, la Lettonie et le Danemark.<\/p>\n\n\n\n<p class=\"wp-block-paragraph\">Brad Lauer&nbsp;de Humboldt se joindra \u00e0 l\u2019\u00e9quipe en tant qu\u2019entra\u00eeneur adjoint.<\/p>\n\n\n\n<p class=\"wp-block-paragraph\">Le calendrier et les r\u00e9sultats seront disponibles \u00e0 l\u2019adresse <a href=\"https:\/\/www.iihf.com\/en\/events\/2026\/wm20\/schedule\">www.iihf.com<\/a><\/p>\n\n\n\n<p class=\"wp-block-paragraph\"><strong>Trois plongeurs de la Saskatchewan participent aux Championnats nationaux<\/strong><\/p>\n\n\n\n<p class=\"wp-block-paragraph\">Du 5 au 7&nbsp;d\u00e9cembre, trois plongeurs de la Saskatchewan ont particip\u00e9 aux Championnats nationaux de plongeon d\u2019hiver de 2026 \u00e0 Calgary, avec deux athl\u00e8tes qui ont ramen\u00e9 des m\u00e9dailles.<\/p>\n\n\n\n<p class=\"wp-block-paragraph\">Tazman Abramowicz de Saskatoon a remport\u00e9 deux m\u00e9dailles apr\u00e8s avoir termin\u00e9 deuxi\u00e8me \u00e0 l\u2019\u00e9preuve masculine de 1&nbsp;m\u00e8tre avec 344,65&nbsp;points et troisi\u00e8me \u00e0 l\u2019\u00e9preuve de 3&nbsp;m\u00e8tres avec 372,05&nbsp;points.<\/p>\n\n\n\n<p class=\"wp-block-paragraph\">Kash Tarasoff, de Saskatoon, a remport\u00e9 le bronze dans le 10&nbsp;m\u00e8tres masculin avec 405,70&nbsp;points.<\/p>\n\n\n\n<p class=\"wp-block-paragraph\">Pendant ce temps, Margo Erlam, qui s\u2019entra\u00eene \u00e0 Saskatoon, a termin\u00e9 quatri\u00e8me \u00e0 l\u2019\u00e9v\u00e9nement de 3&nbsp;m\u00e8tres avec 276,90&nbsp;points.<\/p>\n\n\n\n<p class=\"wp-block-paragraph\">Les r\u00e9sultats complets sont <a href=\"https:\/\/www.integratedsports.net\/diving\/live\/schedule.aspx\">disponibles<\/a>.<\/p>\n\n\n\n<p class=\"wp-block-paragraph\"><strong>Norsten se joint au Canada pour le HSBC SVNS de Cape Town<\/strong><\/p>\n\n\n\n<p class=\"wp-block-paragraph\">Carissa&nbsp;Norsten de Waldheim et l\u2019\u00e9quipe de rugby \u00e0 7 f\u00e9minin canadienne ont termin\u00e9 quatri\u00e8me dans leur bassin \u00e0 l\u2019arr\u00eat HSBC SVNS \u00e0 Cape Town.<\/p>\n\n\n\n<p class=\"wp-block-paragraph\">Le Canada a commenc\u00e9 en force en dominant le Fidji&nbsp;33-14 avant de perdre de peu 12-10 contre le Japon. Les Canadiennes ont termin\u00e9 le tournoi avec des pertes cons\u00e9cutives, 31-12 contre la France et 26-19 contre l\u2019Australie.<\/p>\n\n\n\n<p class=\"wp-block-paragraph\">Le Canada&nbsp;aura l\u2019intention d\u2019am\u00e9liorer sa septi\u00e8me place au classement le 31&nbsp;janvier&nbsp;2026&nbsp;pour l\u2019arr\u00eat de la SNS HSBC \u00e0 Singapour.<\/p>\n\n\n\n<p class=\"wp-block-paragraph\"><strong>Fish termine dixi\u00e8me \u00e0 la Coupe du monde de patinage de vitesse de l\u2019ISU<\/strong><\/p>\n\n\n\n<p class=\"wp-block-paragraph\">Graeme Fish, originaire de Moose Jaw, est de retour en action pour la Coupe du monde du patinage de vitesse de l\u2019ISU&nbsp;3, du 5 au 7&nbsp;d\u00e9cembre aux Pays-Bas.<\/p>\n\n\n\n<p class=\"wp-block-paragraph\">Fish comp\u00e9titionn\u00e9 \u00e0 l\u2019\u00e9preuve masculine du 10&nbsp;000&nbsp;m\u00e8tres, division B, et a termin\u00e9 dixi\u00e8me avec un temps de 13:01,42.<\/p>\n","protected":false},"excerpt":{"rendered":"<p>Reschny nomm\u00e9 au camp mondial junior de Hockey Canada Hockey Canada a annonc\u00e9 Macklin Forward, Cole Reschny, dans le cadre de la liste des 27&nbsp;joueurs qui comp\u00e9titionneront pour repr\u00e9senter la nation au Championnat mondial junior&nbsp;2026 de l\u2019IIHF. Reschny se joindra au reste des invit\u00e9s au camp d\u2019entra\u00eenement du 13 au 22&nbsp;d\u00e9cembre \u00e0 Niagara Falls dans [&hellip;]<\/p>\n","protected":false},"author":9,"featured_media":6070,"comment_status":"closed","ping_status":"open","sticky":false,"template":"","format":"standard","meta":{"_acf_changed":false,"footnotes":""},"categories":[3,516],"tags":[],"class_list":["post-6094","post","type-post","status-publish","format-standard","has-post-thumbnail","hentry","category-non-classifiee","category-resume-hebdomadaire"],"acf":[],"yoast_head":"<!-- This site is optimized with the Yoast SEO plugin v28.4 - https:\/\/yoast.com\/product\/yoast-seo-wordpress\/ -->\n<title>R\u00e9sum\u00e9 hebdomadaire \u2013 3\u00a0au 9\u00a0d\u00e9cembre - Canadian Sport Centre Saskatchewan<\/title>\n<meta name=\"robots\" content=\"index, follow, max-snippet:-1, max-image-preview:large, max-video-preview:-1\" \/>\n<link rel=\"canonical\" href=\"https:\/\/www.csc-sask.sasksport.ca\/weekly-roundup-dec-3-9\/\" \/>\n<meta property=\"og:locale\" content=\"fr_FR\" \/>\n<meta property=\"og:type\" content=\"article\" \/>\n<meta property=\"og:title\" content=\"R\u00e9sum\u00e9 hebdomadaire \u2013 3\u00a0au 9\u00a0d\u00e9cembre - Canadian Sport Centre Saskatchewan\" \/>\n<meta property=\"og:description\" content=\"Reschny nomm\u00e9 au camp mondial junior de Hockey Canada Hockey Canada a annonc\u00e9 Macklin Forward, Cole Reschny, dans le cadre de la liste des 27&nbsp;joueurs qui comp\u00e9titionneront pour repr\u00e9senter la nation au Championnat mondial junior&nbsp;2026 de l\u2019IIHF. Reschny se joindra au reste des invit\u00e9s au camp d\u2019entra\u00eenement du 13 au 22&nbsp;d\u00e9cembre \u00e0 Niagara Falls dans [&hellip;]\" \/>\n<meta property=\"og:url\" content=\"https:\/\/www.csc-sask.sasksport.ca\/weekly-roundup-dec-3-9\/\" \/>\n<meta property=\"og:site_name\" content=\"Canadian Sport Centre Saskatchewan\" \/>\n<meta property=\"article:published_time\" content=\"2025-12-29T19:11:27+00:00\" \/>\n<meta property=\"article:modified_time\" content=\"2025-12-29T19:11:30+00:00\" \/>\n<meta property=\"og:image\" content=\"https:\/\/www.csc-sask.ca\/wp-content\/uploads\/2025\/12\/Weekly-Roundup-Facebook-Web-77.png\" \/>\n\t<meta property=\"og:image:width\" content=\"1200\" \/>\n\t<meta property=\"og:image:height\" content=\"628\" \/>\n\t<meta property=\"og:image:type\" content=\"image\/png\" \/>\n<meta name=\"author\" content=\"Katherine Peterson\" \/>\n<meta name=\"twitter:card\" content=\"summary_large_image\" \/>\n<meta name=\"twitter:label1\" content=\"\u00c9crit par\" \/>\n\t<meta name=\"twitter:data1\" content=\"Katherine Peterson\" \/>\n\t<meta name=\"twitter:label2\" content=\"Dur\u00e9e de lecture estim\u00e9e\" \/>\n\t<meta name=\"twitter:data2\" content=\"2 minutes\" \/>\n<script type=\"application\/ld+json\" class=\"yoast-schema-graph\">{\"@context\":\"https:\\\/\\\/schema.org\",\"@graph\":[{\"@type\":\"Article\",\"@id\":\"https:\\\/\\\/www.csc-sask.sasksport.ca\\\/weekly-roundup-dec-3-9\\\/#article\",\"isPartOf\":{\"@id\":\"https:\\\/\\\/www.csc-sask.sasksport.ca\\\/weekly-roundup-dec-3-9\\\/\"},\"author\":{\"name\":\"Katherine Peterson\",\"@id\":\"https:\\\/\\\/www.csc-sask.ca\\\/fr\\\/#\\\/schema\\\/person\\\/6e06e2a8335ee926b74b2655c32bdc2c\"},\"headline\":\"R\u00e9sum\u00e9 hebdomadaire \u2013 3\u00a0au 9\u00a0d\u00e9cembre\",\"datePublished\":\"2025-12-29T19:11:27+00:00\",\"dateModified\":\"2025-12-29T19:11:30+00:00\",\"mainEntityOfPage\":{\"@id\":\"https:\\\/\\\/www.csc-sask.sasksport.ca\\\/weekly-roundup-dec-3-9\\\/\"},\"wordCount\":443,\"image\":{\"@id\":\"https:\\\/\\\/www.csc-sask.sasksport.ca\\\/weekly-roundup-dec-3-9\\\/#primaryimage\"},\"thumbnailUrl\":\"https:\\\/\\\/www.csc-sask.ca\\\/wp-content\\\/uploads\\\/2025\\\/12\\\/Weekly-Roundup-Facebook-Web-77.png\",\"articleSection\":[\"Non classifi\u00e9(e)\",\"R\u00e9sum\u00e9 hebdomadaire\"],\"inLanguage\":\"fr-FR\"},{\"@type\":\"WebPage\",\"@id\":\"https:\\\/\\\/www.csc-sask.sasksport.ca\\\/weekly-roundup-dec-3-9\\\/\",\"url\":\"https:\\\/\\\/www.csc-sask.sasksport.ca\\\/weekly-roundup-dec-3-9\\\/\",\"name\":\"R\u00e9sum\u00e9 hebdomadaire \u2013 3\u00a0au 9\u00a0d\u00e9cembre - Canadian Sport Centre Saskatchewan\",\"isPartOf\":{\"@id\":\"https:\\\/\\\/www.csc-sask.ca\\\/fr\\\/#website\"},\"primaryImageOfPage\":{\"@id\":\"https:\\\/\\\/www.csc-sask.sasksport.ca\\\/weekly-roundup-dec-3-9\\\/#primaryimage\"},\"image\":{\"@id\":\"https:\\\/\\\/www.csc-sask.sasksport.ca\\\/weekly-roundup-dec-3-9\\\/#primaryimage\"},\"thumbnailUrl\":\"https:\\\/\\\/www.csc-sask.ca\\\/wp-content\\\/uploads\\\/2025\\\/12\\\/Weekly-Roundup-Facebook-Web-77.png\",\"datePublished\":\"2025-12-29T19:11:27+00:00\",\"dateModified\":\"2025-12-29T19:11:30+00:00\",\"author\":{\"@id\":\"https:\\\/\\\/www.csc-sask.ca\\\/fr\\\/#\\\/schema\\\/person\\\/6e06e2a8335ee926b74b2655c32bdc2c\"},\"breadcrumb\":{\"@id\":\"https:\\\/\\\/www.csc-sask.sasksport.ca\\\/weekly-roundup-dec-3-9\\\/#breadcrumb\"},\"inLanguage\":\"fr-FR\",\"potentialAction\":[{\"@type\":\"ReadAction\",\"target\":[\"https:\\\/\\\/www.csc-sask.sasksport.ca\\\/weekly-roundup-dec-3-9\\\/\"]}]},{\"@type\":\"ImageObject\",\"inLanguage\":\"fr-FR\",\"@id\":\"https:\\\/\\\/www.csc-sask.sasksport.ca\\\/weekly-roundup-dec-3-9\\\/#primaryimage\",\"url\":\"https:\\\/\\\/www.csc-sask.ca\\\/wp-content\\\/uploads\\\/2025\\\/12\\\/Weekly-Roundup-Facebook-Web-77.png\",\"contentUrl\":\"https:\\\/\\\/www.csc-sask.ca\\\/wp-content\\\/uploads\\\/2025\\\/12\\\/Weekly-Roundup-Facebook-Web-77.png\",\"width\":1200,\"height\":628,\"caption\":\"Kash Tarasoff is in a pike tuck dive.\"},{\"@type\":\"BreadcrumbList\",\"@id\":\"https:\\\/\\\/www.csc-sask.sasksport.ca\\\/weekly-roundup-dec-3-9\\\/#breadcrumb\",\"itemListElement\":[{\"@type\":\"ListItem\",\"position\":1,\"name\":\"Home\",\"item\":\"https:\\\/\\\/www.csc-sask.ca\\\/fr\\\/\"},{\"@type\":\"ListItem\",\"position\":2,\"name\":\"R\u00e9sum\u00e9 hebdomadaire \u2013 3\u00a0au 9\u00a0d\u00e9cembre\"}]},{\"@type\":\"WebSite\",\"@id\":\"https:\\\/\\\/www.csc-sask.ca\\\/fr\\\/#website\",\"url\":\"https:\\\/\\\/www.csc-sask.ca\\\/fr\\\/\",\"name\":\"Canadian Sport Centre Saskatchewan\",\"description\":\"\",\"potentialAction\":[{\"@type\":\"SearchAction\",\"target\":{\"@type\":\"EntryPoint\",\"urlTemplate\":\"https:\\\/\\\/www.csc-sask.ca\\\/fr\\\/?s={search_term_string}\"},\"query-input\":{\"@type\":\"PropertyValueSpecification\",\"valueRequired\":true,\"valueName\":\"search_term_string\"}}],\"inLanguage\":\"fr-FR\"},{\"@type\":\"Person\",\"@id\":\"https:\\\/\\\/www.csc-sask.ca\\\/fr\\\/#\\\/schema\\\/person\\\/6e06e2a8335ee926b74b2655c32bdc2c\",\"name\":\"Katherine Peterson\",\"image\":{\"@type\":\"ImageObject\",\"inLanguage\":\"fr-FR\",\"@id\":\"https:\\\/\\\/secure.gravatar.com\\\/avatar\\\/23c132f5b83100ab8f1761036bfb1db527ce10af5049fc8988aab98c64268e8b?s=96&d=mm&r=g\",\"url\":\"https:\\\/\\\/secure.gravatar.com\\\/avatar\\\/23c132f5b83100ab8f1761036bfb1db527ce10af5049fc8988aab98c64268e8b?s=96&d=mm&r=g\",\"contentUrl\":\"https:\\\/\\\/secure.gravatar.com\\\/avatar\\\/23c132f5b83100ab8f1761036bfb1db527ce10af5049fc8988aab98c64268e8b?s=96&d=mm&r=g\",\"caption\":\"Katherine Peterson\"},\"url\":\"https:\\\/\\\/www.csc-sask.ca\\\/fr\\\/author\\\/katherinecscs\\\/\"}]}<\/script>\n<!-- \/ Yoast SEO plugin. -->","yoast_head_json":{"title":"R\u00e9sum\u00e9 hebdomadaire \u2013 3\u00a0au 9\u00a0d\u00e9cembre - Canadian Sport Centre Saskatchewan","robots":{"index":"index","follow":"follow","max-snippet":"max-snippet:-1","max-image-preview":"max-image-preview:large","max-video-preview":"max-video-preview:-1"},"canonical":"https:\/\/www.csc-sask.sasksport.ca\/weekly-roundup-dec-3-9\/","og_locale":"fr_FR","og_type":"article","og_title":"R\u00e9sum\u00e9 hebdomadaire \u2013 3\u00a0au 9\u00a0d\u00e9cembre - Canadian Sport Centre Saskatchewan","og_description":"Reschny nomm\u00e9 au camp mondial junior de Hockey Canada Hockey Canada a annonc\u00e9 Macklin Forward, Cole Reschny, dans le cadre de la liste des 27&nbsp;joueurs qui comp\u00e9titionneront pour repr\u00e9senter la nation au Championnat mondial junior&nbsp;2026 de l\u2019IIHF. Reschny se joindra au reste des invit\u00e9s au camp d\u2019entra\u00eenement du 13 au 22&nbsp;d\u00e9cembre \u00e0 Niagara Falls dans [&hellip;]","og_url":"https:\/\/www.csc-sask.sasksport.ca\/weekly-roundup-dec-3-9\/","og_site_name":"Canadian Sport Centre Saskatchewan","article_published_time":"2025-12-29T19:11:27+00:00","article_modified_time":"2025-12-29T19:11:30+00:00","og_image":[{"width":1200,"height":628,"url":"https:\/\/www.csc-sask.ca\/wp-content\/uploads\/2025\/12\/Weekly-Roundup-Facebook-Web-77.png","type":"image\/png"}],"author":"Katherine Peterson","twitter_card":"summary_large_image","twitter_misc":{"\u00c9crit par":"Katherine Peterson","Dur\u00e9e de lecture estim\u00e9e":"2 minutes"},"schema":{"@context":"https:\/\/schema.org","@graph":[{"@type":"Article","@id":"https:\/\/www.csc-sask.sasksport.ca\/weekly-roundup-dec-3-9\/#article","isPartOf":{"@id":"https:\/\/www.csc-sask.sasksport.ca\/weekly-roundup-dec-3-9\/"},"author":{"name":"Katherine Peterson","@id":"https:\/\/www.csc-sask.ca\/fr\/#\/schema\/person\/6e06e2a8335ee926b74b2655c32bdc2c"},"headline":"R\u00e9sum\u00e9 hebdomadaire \u2013 3\u00a0au 9\u00a0d\u00e9cembre","datePublished":"2025-12-29T19:11:27+00:00","dateModified":"2025-12-29T19:11:30+00:00","mainEntityOfPage":{"@id":"https:\/\/www.csc-sask.sasksport.ca\/weekly-roundup-dec-3-9\/"},"wordCount":443,"image":{"@id":"https:\/\/www.csc-sask.sasksport.ca\/weekly-roundup-dec-3-9\/#primaryimage"},"thumbnailUrl":"https:\/\/www.csc-sask.ca\/wp-content\/uploads\/2025\/12\/Weekly-Roundup-Facebook-Web-77.png","articleSection":["Non classifi\u00e9(e)","R\u00e9sum\u00e9 hebdomadaire"],"inLanguage":"fr-FR"},{"@type":"WebPage","@id":"https:\/\/www.csc-sask.sasksport.ca\/weekly-roundup-dec-3-9\/","url":"https:\/\/www.csc-sask.sasksport.ca\/weekly-roundup-dec-3-9\/","name":"R\u00e9sum\u00e9 hebdomadaire \u2013 3\u00a0au 9\u00a0d\u00e9cembre - Canadian Sport Centre Saskatchewan","isPartOf":{"@id":"https:\/\/www.csc-sask.ca\/fr\/#website"},"primaryImageOfPage":{"@id":"https:\/\/www.csc-sask.sasksport.ca\/weekly-roundup-dec-3-9\/#primaryimage"},"image":{"@id":"https:\/\/www.csc-sask.sasksport.ca\/weekly-roundup-dec-3-9\/#primaryimage"},"thumbnailUrl":"https:\/\/www.csc-sask.ca\/wp-content\/uploads\/2025\/12\/Weekly-Roundup-Facebook-Web-77.png","datePublished":"2025-12-29T19:11:27+00:00","dateModified":"2025-12-29T19:11:30+00:00","author":{"@id":"https:\/\/www.csc-sask.ca\/fr\/#\/schema\/person\/6e06e2a8335ee926b74b2655c32bdc2c"},"breadcrumb":{"@id":"https:\/\/www.csc-sask.sasksport.ca\/weekly-roundup-dec-3-9\/#breadcrumb"},"inLanguage":"fr-FR","potentialAction":[{"@type":"ReadAction","target":["https:\/\/www.csc-sask.sasksport.ca\/weekly-roundup-dec-3-9\/"]}]},{"@type":"ImageObject","inLanguage":"fr-FR","@id":"https:\/\/www.csc-sask.sasksport.ca\/weekly-roundup-dec-3-9\/#primaryimage","url":"https:\/\/www.csc-sask.ca\/wp-content\/uploads\/2025\/12\/Weekly-Roundup-Facebook-Web-77.png","contentUrl":"https:\/\/www.csc-sask.ca\/wp-content\/uploads\/2025\/12\/Weekly-Roundup-Facebook-Web-77.png","width":1200,"height":628,"caption":"Kash Tarasoff is in a pike tuck dive."},{"@type":"BreadcrumbList","@id":"https:\/\/www.csc-sask.sasksport.ca\/weekly-roundup-dec-3-9\/#breadcrumb","itemListElement":[{"@type":"ListItem","position":1,"name":"Home","item":"https:\/\/www.csc-sask.ca\/fr\/"},{"@type":"ListItem","position":2,"name":"R\u00e9sum\u00e9 hebdomadaire \u2013 3\u00a0au 9\u00a0d\u00e9cembre"}]},{"@type":"WebSite","@id":"https:\/\/www.csc-sask.ca\/fr\/#website","url":"https:\/\/www.csc-sask.ca\/fr\/","name":"Canadian Sport Centre Saskatchewan","description":"","potentialAction":[{"@type":"SearchAction","target":{"@type":"EntryPoint","urlTemplate":"https:\/\/www.csc-sask.ca\/fr\/?s={search_term_string}"},"query-input":{"@type":"PropertyValueSpecification","valueRequired":true,"valueName":"search_term_string"}}],"inLanguage":"fr-FR"},{"@type":"Person","@id":"https:\/\/www.csc-sask.ca\/fr\/#\/schema\/person\/6e06e2a8335ee926b74b2655c32bdc2c","name":"Katherine Peterson","image":{"@type":"ImageObject","inLanguage":"fr-FR","@id":"https:\/\/secure.gravatar.com\/avatar\/23c132f5b83100ab8f1761036bfb1db527ce10af5049fc8988aab98c64268e8b?s=96&d=mm&r=g","url":"https:\/\/secure.gravatar.com\/avatar\/23c132f5b83100ab8f1761036bfb1db527ce10af5049fc8988aab98c64268e8b?s=96&d=mm&r=g","contentUrl":"https:\/\/secure.gravatar.com\/avatar\/23c132f5b83100ab8f1761036bfb1db527ce10af5049fc8988aab98c64268e8b?s=96&d=mm&r=g","caption":"Katherine Peterson"},"url":"https:\/\/www.csc-sask.ca\/fr\/author\/katherinecscs\/"}]}},"_links":{"self":[{"href":"https:\/\/www.csc-sask.ca\/fr\/wp-json\/wp\/v2\/posts\/6094","targetHints":{"allow":["GET"]}}],"collection":[{"href":"https:\/\/www.csc-sask.ca\/fr\/wp-json\/wp\/v2\/posts"}],"about":[{"href":"https:\/\/www.csc-sask.ca\/fr\/wp-json\/wp\/v2\/types\/post"}],"author":[{"embeddable":true,"href":"https:\/\/www.csc-sask.ca\/fr\/wp-json\/wp\/v2\/users\/9"}],"replies":[{"embeddable":true,"href":"https:\/\/www.csc-sask.ca\/fr\/wp-json\/wp\/v2\/comments?post=6094"}],"version-history":[{"count":1,"href":"https:\/\/www.csc-sask.ca\/fr\/wp-json\/wp\/v2\/posts\/6094\/revisions"}],"predecessor-version":[{"id":6095,"href":"https:\/\/www.csc-sask.ca\/fr\/wp-json\/wp\/v2\/posts\/6094\/revisions\/6095"}],"wp:featuredmedia":[{"embeddable":true,"href":"https:\/\/www.csc-sask.ca\/fr\/wp-json\/wp\/v2\/media\/6070"}],"wp:attachment":[{"href":"https:\/\/www.csc-sask.ca\/fr\/wp-json\/wp\/v2\/media?parent=6094"}],"wp:term":[{"taxonomy":"category","embeddable":true,"href":"https:\/\/www.csc-sask.ca\/fr\/wp-json\/wp\/v2\/categories?post=6094"},{"taxonomy":"post_tag","embeddable":true,"href":"https:\/\/www.csc-sask.ca\/fr\/wp-json\/wp\/v2\/tags?post=6094"}],"curies":[{"name":"wp","href":"https:\/\/api.w.org\/{rel}","templated":true}]}}