{"id":5428,"date":"2024-09-20T10:38:28","date_gmt":"2024-09-20T16:38:28","guid":{"rendered":"https:\/\/www.csc-sask.ca\/?p=5428"},"modified":"2025-02-27T10:39:35","modified_gmt":"2025-02-27T16:39:35","slug":"recapitulatif-des-jeux-paralympiques-de-paris","status":"publish","type":"post","link":"https:\/\/www.csc-sask.ca\/fr\/recapitulatif-des-jeux-paralympiques-de-paris\/","title":{"rendered":"R\u00e9capitulatif des Jeux paralympiques de Paris"},"content":{"rendered":"\n<p class=\"wp-block-paragraph\"><strong>JOUR&nbsp;11&nbsp;\u2013 8&nbsp;SEPT.&nbsp;2024<\/strong><\/p>\n\n\n\n<p class=\"wp-block-paragraph\"><strong>Les Jeux paralympiques d\u2019\u00e9t\u00e9 de 2024 tirent \u00e0 leur fin<\/strong><\/p>\n\n\n\n<p class=\"wp-block-paragraph\">Apr\u00e8s 11&nbsp;jours d\u2019action \u00e0 Paris, les Jeux paralympiques d\u2019\u00e9t\u00e9 de 2024 ont pris fin, et le Canada a remport\u00e9 un total de 29&nbsp;m\u00e9dailles (dix d\u2019or, neuf d\u2019argent et dix de bronze), huit m\u00e9dailles de plus qu\u2019\u00e0 Tokyo en 2020. La derni\u00e8re journ\u00e9e sur la sc\u00e8ne paralympique comprenait des \u00e9v\u00e9nements en athl\u00e9tisme paralympique, en parasport motoris\u00e9, en paracano\u00eb et en basketball en fauteuil roulant f\u00e9minin, sans athl\u00e8tes de la Saskatchewan au programme.<\/p>\n\n\n\n<p class=\"wp-block-paragraph\">Pour marquer la fin officielle des Jeux de 2024 \u00e0 Paris, la c\u00e9r\u00e9monie de cl\u00f4ture a eu lieu avec Nicholas&nbsp;Bennett, triple m\u00e9daill\u00e9 paralympique en natation paralympique, et Brianna&nbsp;Hennessy, premi\u00e8re m\u00e9daill\u00e9e (argent) du Canada en cano\u00eb paralympique, qui ont eu l\u2019honneur de porter le drapeau du Canada.<\/p>\n\n\n\n<figure class=\"wp-block-embed\"><div class=\"wp-block-embed__wrapper\">\n<blockquote class=\"twitter-tweet\" data-width=\"550\" data-dnt=\"true\"><p lang=\"en\" dir=\"ltr\">HERE COMES <a href=\"https:\/\/twitter.com\/CDNParalympics?ref_src=twsrc%5Etfw\">@CDNParalympics<\/a> \ud83c\udde8\ud83c\udde6<br><br>Led by flag-bearers Patrick Anderson (\ud83c\udfc0) and Katarina Roxon (\ud83c\udfca\u200d\u2640\ufe0f) at <a href=\"https:\/\/twitter.com\/hashtag\/Paris2024?src=hash&amp;ref_src=twsrc%5Etfw\">#Paris2024<\/a> <a href=\"https:\/\/t.co\/IoLGsOQLgR\">pic.twitter.com\/IoLGsOQLgR<\/a><\/p>&mdash; CBC Sports (@cbcsports) <a href=\"https:\/\/twitter.com\/cbcsports\/status\/1828880801376940427?ref_src=twsrc%5Etfw\">August 28, 2024<\/a><\/blockquote><script async src=\"https:\/\/platform.twitter.com\/widgets.js\" charset=\"utf-8\"><\/script>\n<\/div><\/figure>\n\n\n\n<p class=\"wp-block-paragraph\"><strong>Aper\u00e7u des r\u00e9sultats de la Saskatchewan<\/strong><\/p>\n\n\n\n<p class=\"wp-block-paragraph\">Dix athl\u00e8tes originaires de la Saskatchewan ont aid\u00e9 \u00e0 repr\u00e9senter le Canada \u00e0 Paris pendant les 11&nbsp;derniers jours de comp\u00e9tition et ont \u00e9t\u00e9 rejoints par quatre entra\u00eeneurs et un membre du personnel de la mission.<\/p>\n\n\n\n<p class=\"wp-block-paragraph\">L\u2019\u00e9quipe f\u00e9minine de volleyball en fauteuil roulant, dont fait partie Julie&nbsp;Kozun de Melfort, a marqu\u00e9 l\u2019histoire en remportant la premi\u00e8re m\u00e9daille paralympique du Canada dans ce sport, une m\u00e9daille de bronze.<\/p>\n\n\n\n<p class=\"wp-block-paragraph\">La piscine rayonnait de la fiert\u00e9 de la Saskatchewan gr\u00e2ce \u00e0 Nikita&nbsp;Ens de Meadow&nbsp;Lake qui a particip\u00e9 aux \u00e9preuves du 50&nbsp;m dos S3 et du 100&nbsp;m libre S3 chez les femmes, \u00e0 Shelby&nbsp;Newkirk de Saskatoon dans le 50&nbsp;m libre S6, le 100&nbsp;m libre S7 et le 100&nbsp;m dos S6 pour d\u00e9crocher une m\u00e9daille de bronze, ainsi que Hannah&nbsp;Ouellette de Saskatoon qui faisait ses d\u00e9buts dans le 200&nbsp;m libre S5, le 50&nbsp;m papillon S5 et le 200&nbsp;m quatre nages SM5. Chaque nageur paralympique a rejoint des \u00e9quipes 4&nbsp;x&nbsp;100&nbsp;m quatre nages en plus des \u00e9preuves individuelles\u2026 Le rameur paralympique de Humboldt, Jacob&nbsp;Wassermann, a fait ses d\u00e9buts en skiff&nbsp;PR1 masculin et a termin\u00e9 quatri\u00e8me dans la finale&nbsp;B\u2026 L\u2019escrimeur en fauteuil roulant d\u2019Asquith, Ryan&nbsp;Rousell, a particip\u00e9 \u00e0 l\u2019\u00e9preuve masculine du groupe&nbsp;A \u00c9p\u00e9e et a termin\u00e9 11<sup>e<\/sup> dans l\u2019\u00e9preuve de sabre et 18<sup>e<\/sup> en \u00e9p\u00e9e\u2026 La cycliste paralympique Keely&nbsp;Shaw de Midale a remport\u00e9 sa deuxi\u00e8me m\u00e9daille de bronze paralympique de sa carri\u00e8re dans l\u2019\u00e9preuve de poursuite individuelle de 3&nbsp;000&nbsp;m C4, elle a \u00e9galement particip\u00e9 \u00e0 trois autres \u00e9preuves\u2026 Le duo de basketball en fauteuil roulant de Regina, Nik&nbsp;Goncin et Garrett&nbsp;Ostepchuk, a rejoint l\u2019\u00e9quipe du Canada pour une quatri\u00e8me place\u2026 Ashlyn&nbsp;Renneberg de Saskatoon a fait ses d\u00e9buts sur la sc\u00e8ne paralympique dans l\u2019\u00e9preuve f\u00e9minine de lancer du javelot F13, terminant 7<sup>e<\/sup>\u2026<\/p>\n\n\n\n<p class=\"wp-block-paragraph\"><strong>Du c\u00f4t\u00e9 des entra\u00eeneurs&nbsp;:<\/strong> Ryan&nbsp;Jones a fait ses d\u00e9buts paralympiques en tant qu\u2019entra\u00eeneur de l\u2019\u00e9quipe de paranatation et a accompagn\u00e9 Ens, Newkirk et Ouellette\u2026 L\u2019entra\u00eeneur de parabadminton Frank&nbsp;Gaudett a aid\u00e9 Yuka&nbsp;Chokyu \u00e0 arriver en 10<sup>e<\/sup>&nbsp;position dans le cadre de l\u2019\u00e9v\u00e9nement unique de skiff, femmes&nbsp;WH1\u2026 Dans le monde de l\u2019aviron paralympique, John&nbsp;Wetzstein a entra\u00een\u00e9 Wassermann tout au long de sa premi\u00e8re apparition paralympique\u2026 Pendant ce temps, Carla&nbsp;Nichols s\u2019est jointe \u00e0 l\u2019\u00e9quipe d\u2019athl\u00e9tisme paralympique en tant qu\u2019entra\u00eeneuse-chef pour ses deuxi\u00e8mes Jeux cons\u00e9cutifs.<\/p>\n\n\n\n<p class=\"wp-block-paragraph\">Chris&nbsp;Dornan s\u2019est \u00e9galement joint \u00e0 l\u2019\u00c9quipe&nbsp;Canada \u00e0 Paris en tant qu\u2019attach\u00e9-presse.<\/p>\n\n\n\n<figure class=\"wp-block-embed\"><div class=\"wp-block-embed__wrapper\">\n<blockquote class=\"twitter-tweet\" data-width=\"550\" data-dnt=\"true\"><p lang=\"en\" dir=\"ltr\">HERE COMES <a href=\"https:\/\/twitter.com\/CDNParalympics?ref_src=twsrc%5Etfw\">@CDNParalympics<\/a> \ud83c\udde8\ud83c\udde6<br><br>Led by flag-bearers Patrick Anderson (\ud83c\udfc0) and Katarina Roxon (\ud83c\udfca\u200d\u2640\ufe0f) at <a href=\"https:\/\/twitter.com\/hashtag\/Paris2024?src=hash&amp;ref_src=twsrc%5Etfw\">#Paris2024<\/a> <a href=\"https:\/\/t.co\/IoLGsOQLgR\">pic.twitter.com\/IoLGsOQLgR<\/a><\/p>&mdash; CBC Sports (@cbcsports) <a href=\"https:\/\/twitter.com\/cbcsports\/status\/1828880801376940427?ref_src=twsrc%5Etfw\">August 28, 2024<\/a><\/blockquote><script async src=\"https:\/\/platform.twitter.com\/widgets.js\" charset=\"utf-8\"><\/script>\n<\/div><\/figure>\n\n\n\n<p class=\"wp-block-paragraph\"><strong>JOUR&nbsp;10&nbsp;\u2013 7&nbsp;septembre&nbsp;2024<\/strong><\/p>\n\n\n\n<p class=\"wp-block-paragraph\"><strong>Bronze historique pour Kozun, volleyball assis canadien<\/strong><\/p>\n\n\n\n<p class=\"wp-block-paragraph\">L\u2019\u00e9quipe canadienne f\u00e9minine de volleyball assis, avec Julie&nbsp;Kozun de Melfort, a conclu son passage \u00e0 Paris par une victoire historique de 3-0 contre le Br\u00e9sil, remportant ainsi la premi\u00e8re m\u00e9daille du Canada dans ce sport, une m\u00e9daille de bronze.<\/p>\n\n\n\n<p class=\"wp-block-paragraph\">Pour la deuxi\u00e8me fois aux Jeux paralympiques, le Canada a affront\u00e9 le Br\u00e9sil apr\u00e8s lui avoir perdu lors de la phase de poules. Dans la lutte pour la m\u00e9daille de bronze, le Canada a intensifi\u00e9 son jeu et a remport\u00e9 le premier 25-15 ainsi que le second 25-18.<\/p>\n\n\n\n<p class=\"wp-block-paragraph\">Dans le troisi\u00e8me, le Br\u00e9sil a r\u00e9ussi \u00e0 \u00e9galiser \u00e0 plusieurs reprises, mais au final, le Canada a pris l\u2019avantage 25-18 et a remport\u00e9 la victoire.<\/p>\n\n\n\n<p class=\"wp-block-paragraph\">Kozun a marqu\u00e9 cinq points dans le match.<\/p>\n\n\n\n<figure class=\"wp-block-embed\"><div class=\"wp-block-embed__wrapper\">\n<blockquote class=\"twitter-tweet\" data-width=\"550\" data-dnt=\"true\"><p lang=\"en\" dir=\"ltr\">THEY\u2019VE DONE IT! THE SITTING VOLLEYBALL TEAM WINS BRONZE! \ud83e\udd49<br><br>In a dominant 3-0 victory, Canada\u2019s Sitting Volleyball Team defeats Brazil to win the nation\u2019s first Sitting Volleyball medal at the Paralympics! \ud83c\udde8\ud83c\udde6\u2764\ufe0f\ud83e\udd0d<a href=\"https:\/\/twitter.com\/hashtag\/GreatnessMovesUs?src=hash&amp;ref_src=twsrc%5Etfw\">#GreatnessMovesUs<\/a> <a href=\"https:\/\/twitter.com\/hashtag\/Paris2024?src=hash&amp;ref_src=twsrc%5Etfw\">#Paris2024<\/a> <a href=\"https:\/\/t.co\/jPGvcRDNwc\">pic.twitter.com\/jPGvcRDNwc<\/a><\/p>&mdash; Canadian Paralympic Team (@CDNParalympics) <a href=\"https:\/\/twitter.com\/CDNParalympics\/status\/1832427188961845322?ref_src=twsrc%5Etfw\">September 7, 2024<\/a><\/blockquote><script async src=\"https:\/\/platform.twitter.com\/widgets.js\" charset=\"utf-8\"><\/script>\n<\/div><\/figure>\n\n\n\n<p class=\"wp-block-paragraph\"><strong>Newkirk brille en bronze<\/strong><\/p>\n\n\n\n<p class=\"wp-block-paragraph\">Shelby&nbsp;Newkirk, originaire de Saskatoon, a remport\u00e9 la m\u00e9daille de bronze au 100&nbsp;m dos f\u00e9minin S6 avec un temps de 1:22,24&nbsp;secondes.<\/p>\n\n\n\n<p class=\"wp-block-paragraph\">T\u00f4t dans la matin\u00e9e, Newkirk a termin\u00e9 troisi\u00e8me de la s\u00e9rie du 100&nbsp;m dos S6 avec un temps de 1:24,72 et s\u2019est qualifi\u00e9e pour la finale.<\/p>\n\n\n\n<p class=\"wp-block-paragraph\"><strong>Le Canada termine quatri\u00e8me<\/strong><\/p>\n\n\n\n<p class=\"wp-block-paragraph\">Pour le dernier jour du Canada sur le terrain de basketball en fauteuil roulant, le duo de Regina, Nik&nbsp;Goncin et Garrett&nbsp;Ostepchuk, a rejoint l\u2019\u00e9quipe masculine pour le match de la m\u00e9daille de bronze contre l\u2019Allemagne.<\/p>\n\n\n\n<p class=\"wp-block-paragraph\">Ostepchuk a inscrit les premiers points pour le Canada d\u00e8s le premier quart, et le Canada a termin\u00e9 la premi\u00e8re mi-temps en t\u00eate, 35-27. \u00c0 la fin du troisi\u00e8me quart, l\u2019Allemagne a rattrap\u00e9 son retard, r\u00e9duisant l\u2019\u00e9cart \u00e0 un point, avant de prendre officiellement l\u2019avantage d\u00e8s le d\u00e9but du dernier quart.<\/p>\n\n\n\n<p class=\"wp-block-paragraph\">Le Canada n\u2019a pas \u00e9t\u00e9 en mesure de compenser la diff\u00e9rence avant que le temps ne soit \u00e9puis\u00e9 et l\u2019Allemagne a remport\u00e9 la victoire, 75-62.<\/p>\n\n\n\n<p class=\"wp-block-paragraph\">Patrick&nbsp;Anderson est arriv\u00e9 en t\u00eate chez les Canadiens avec 31&nbsp;points, tandis que Goncin a ajout\u00e9 10&nbsp;points et Ostepchuk a inscrit quatre points.<\/p>\n\n\n\n<p class=\"wp-block-paragraph\"><strong>La derni\u00e8re nage de Hannah&nbsp;Ouellette<\/strong><\/p>\n\n\n\n<p class=\"wp-block-paragraph\">Hannah&nbsp;Ouellette, de Saskatoon, a particip\u00e9 \u00e0 sa derni\u00e8re comp\u00e9tition en natation dans la s\u00e9rie du 200&nbsp;m 4&nbsp;nages SM5 f\u00e9minin, o\u00f9 elle a termin\u00e9 \u00e0 la 10<sup>e<\/sup>&nbsp;place avec un temps de 4:29,42&nbsp;secondes.<\/p>\n\n\n\n<p class=\"wp-block-paragraph\"><strong>R\u00e9sultats olympiques&nbsp;:<\/strong> Sur la piste d\u2019athl\u00e9tisme paralympique, Austin&nbsp;Smeenk a offert une performance en or dans l\u2019\u00e9preuve masculine du 800&nbsp;m T34\u2026 Brianna&nbsp;Hennessy a d\u00e9croch\u00e9 l\u2019argent dans l\u2019\u00e9preuve f\u00e9minine de paracano\u00eb Va\u2019a simple 200&nbsp;m VL2\u2026 Nate&nbsp;Richie a remport\u00e9 l\u2019argent dans l\u2019\u00e9preuve masculine du 1500&nbsp;m T38\u2026 Julie&nbsp;Kozun et l\u2019\u00e9quipe f\u00e9minine de volleyball assis ont obtenu la m\u00e9daille de bronze\u2026 Dans la piscine, Danielle&nbsp;Dorris a pris la premi\u00e8re place du podium pour remporter l\u2019or au 50&nbsp;m papillon f\u00e9minin\u2026 Shelby&nbsp;Newkirk a remport\u00e9 le bronze au 100&nbsp;m dos f\u00e9minin S6\u2026 Le bilan des m\u00e9dailles du Canada&nbsp;: 27 (10&nbsp;m\u00e9dailles d\u2019or, 9&nbsp;m\u00e9dailles d\u2019argent, 10&nbsp;m\u00e9dailles de bronze).<\/p>\n\n\n\n<p class=\"wp-block-paragraph\"><strong>JOUR&nbsp;9&nbsp;\u2013 6&nbsp;septembre&nbsp;2024<\/strong><\/p>\n\n\n\n<p class=\"wp-block-paragraph\"><strong>Ouellette de retour dans la piscine<\/strong><\/p>\n\n\n\n<p class=\"wp-block-paragraph\">Hannah&nbsp;Ouellette, de Saskatoon, est retourn\u00e9e dans la piscine apr\u00e8s une pause dans son programme de comp\u00e9tition et a termin\u00e9 11<sup>e<\/sup> de la s\u00e9rie f\u00e9minine du 50&nbsp;m papillon S5 avec un temps de 56,87&nbsp;secondes. Elle ne s\u2019est pas qualifi\u00e9e pour la finale.<\/p>\n\n\n\n<p class=\"wp-block-paragraph\">Ouellette se tournera d\u00e9sormais vers sa derni\u00e8re \u00e9preuve paralympique, la s\u00e9rie du 200&nbsp;m 4&nbsp;nages f\u00e9minin SM5, pr\u00e9vue pour le 7&nbsp;septembre.<\/p>\n\n\n\n<p class=\"wp-block-paragraph\"><strong>La derni\u00e8re course de Shaw<\/strong><\/p>\n\n\n\n<p class=\"wp-block-paragraph\">La cycliste para Keely&nbsp;Shaw a conclu son s\u00e9jour \u00e0 Paris apr\u00e8s sa derni\u00e8re course dans l\u2019\u00e9preuve sur route C4-5.<\/p>\n\n\n\n<p class=\"wp-block-paragraph\">Shaw, qui vient de Midale, a termin\u00e9 en 15<sup>e<\/sup>&nbsp;position avec un temps de deux heures, neuf minutes et 28&nbsp;secondes.<\/p>\n\n\n\n<p class=\"wp-block-paragraph\"><strong>Rousell \u00e9limin\u00e9 du tableau de 32<\/strong><\/p>\n\n\n\n<p class=\"wp-block-paragraph\">L\u2019escrimeur en fauteuil roulant d\u2019Asquith, Ryan&nbsp;Rousell, a termin\u00e9 ses deuxi\u00e8mes Jeux paralympiques le jour&nbsp;9, apr\u00e8s sa d\u00e9faite 15-6 contre Artem Manko d\u2019Ukraine dans le tableau de 32 de l\u2019\u00e9p\u00e9e masculine, groupe&nbsp;A.<\/p>\n\n\n\n<p class=\"wp-block-paragraph\"><strong>Prochaine comp\u00e9tition en Saskatchewan<\/strong><\/p>\n\n\n\n<p class=\"wp-block-paragraph\">Le samedi 7&nbsp;septembre marque le dernier jour de comp\u00e9tition pour les athl\u00e8tes de la Saskatchewan, avec trois athl\u00e8tes qui luttent pour d\u00e9crocher une m\u00e9daille avec leurs \u00e9quipes respectives et deux nageurs paralympiques qui participent \u00e0 leur derni\u00e8re \u00e9preuve.<\/p>\n\n\n\n<p class=\"wp-block-paragraph\">Shelby&nbsp;Newkirk, de Saskatoon, a plong\u00e9 une derni\u00e8re fois dans la piscine pour participer \u00e0 la s\u00e9rie du 100&nbsp;m dos f\u00e9minin S6 \u00e0 1&nbsp;h&nbsp;57, heure de la Saskatchewan. En fonction de ses r\u00e9sultats, elle pourrait se qualifier pour la finale plus tard dans la matin\u00e9e, \u00e0 9&nbsp;h&nbsp;53.<\/p>\n\n\n\n<p class=\"wp-block-paragraph\">Sa coll\u00e8gue nageuse paralympique de Saskatoon, Hannah&nbsp;Ouellette, sera \u00e9galement dans les bassins pour sa derni\u00e8re \u00e9preuve, la s\u00e9rie du 200&nbsp;m 4&nbsp;nages f\u00e9minin SM5, \u00e0 3&nbsp;h&nbsp;25, heure de la Saskatchewan. La finale aura lieu plus tard dans la journ\u00e9e \u00e0 12&nbsp;h&nbsp;2.<\/p>\n\n\n\n<p class=\"wp-block-paragraph\">L\u2019\u00e9quipe canadienne de volleyball assis et Julie&nbsp;Kozun de Melfort feront face au Br\u00e9sil dans une lutte pour la m\u00e9daille de bronze \u00e0 7&nbsp;h, heure de la Saskatchewan.<\/p>\n\n\n\n<p class=\"wp-block-paragraph\">Les joueurs de basketball en fauteuil roulant de Regina, Nik&nbsp;Goncin et Garrett&nbsp;Ostepchuk se joindront \u00e0 l\u2019\u00c9quipe&nbsp;Canada sur le terrain pour la derni\u00e8re fois, jouant contre l\u2019Allemagne pour le bronze \u00e0 8&nbsp;h, heure de la Saskatchewan.<\/p>\n\n\n\n<p class=\"wp-block-paragraph\"><strong>Remarques concernant les Jeux paralympiques&nbsp;:<\/strong> La performance en or de Sebastian&nbsp;Massabie a \u00e9tabli un record du monde dans l\u2019\u00e9preuve masculine du 50&nbsp;m S4 en natation paralympique\u2026 Cody&nbsp;Fournie a d\u00e9croch\u00e9 l\u2019or dans l\u2019\u00e9preuve masculine du 100&nbsp;m T51 en athl\u00e9tisme paralympique\u2026 Le nageur paralympique Reid&nbsp;Maxwell a brill\u00e9 avec l\u2019argent pour ses d\u00e9buts paralympiques dans l\u2019\u00e9preuve masculine du 400&nbsp;m libre S8\u2026 Le bilan des m\u00e9dailles du Canada&nbsp;: 23 (8&nbsp;m\u00e9dailles d\u2019or, 7&nbsp;m\u00e9dailles d\u2019argent, 8&nbsp;m\u00e9dailles de bronze).<\/p>\n\n\n\n<p class=\"wp-block-paragraph\"><strong>JOUR&nbsp;8&nbsp;\u2013 5&nbsp;septembre&nbsp;2024<\/strong><\/p>\n\n\n\n<p class=\"wp-block-paragraph\"><strong>Ens et Newkirk rejoignent le relais mixte<\/strong><\/p>\n\n\n\n<p class=\"wp-block-paragraph\">Lors d\u2019une course matinale, Nikita&nbsp;Ens et Shelby&nbsp;Newkirk se sont associ\u00e9es \u00e0 deux autres nageuses paralympiques canadiennes pour participer au relais mixte 4&nbsp;x&nbsp;50&nbsp;m 4&nbsp;nages&nbsp;\u2013 s\u00e9rie de 20&nbsp;points.<\/p>\n\n\n\n<p class=\"wp-block-paragraph\">L\u2019\u00e9quipe a termin\u00e9 sixi\u00e8me au total dans sa s\u00e9rie avec un temps de 3:19,79&nbsp;secondes et ne s\u2019est pas qualifi\u00e9e pour la finale.<\/p>\n\n\n\n<p class=\"wp-block-paragraph\"><strong>Les hommes canadiens joueront pour la m\u00e9daille de bronze en basketball en fauteuil roulant<\/strong><\/p>\n\n\n\n<p class=\"wp-block-paragraph\">La rivalit\u00e9 de l\u2019Am\u00e9rique du Nord \u00e9tait bien visible lors du basketball en fauteuil roulant masculin le huiti\u00e8me jour des Jeux paralympiques, alors que le Canada affrontait les \u00c9tats-Unis en demi-finales.<\/p>\n\n\n\n<p class=\"wp-block-paragraph\">Une place en finale pour la m\u00e9daille d\u2019or \u00e9tant en jeu, le Canada menait d\u2019un point apr\u00e8s le premier quart, avant de se retrouver derri\u00e8re avec 40-32 \u00e0 la mi-temps.<\/p>\n\n\n\n<p class=\"wp-block-paragraph\">Incapable de reprendre l\u2019avantage sur les \u00c9tats-Unis en deuxi\u00e8me mi-temps, le Canada a perdu 80-43.<\/p>\n\n\n\n<p class=\"wp-block-paragraph\">Patrick&nbsp;Anderson a men\u00e9 le Canada avec 16&nbsp;points, tandis que Garrett&nbsp;Ostepchuk de Regina a marqu\u00e9 10&nbsp;points et le co-capitaine Nik&nbsp;Goncin, \u00e9galement de Regina, a ajout\u00e9 deux points.<\/p>\n\n\n\n<p class=\"wp-block-paragraph\">Les Canadiens se pr\u00e9pareront pour le match de la m\u00e9daille de bronze contre l\u2019Allemagne le 7&nbsp;septembre.<\/p>\n\n\n\n<p class=\"wp-block-paragraph\"><strong>Le Canada s\u2019incline en demi-finale de volleyball assis<\/strong><\/p>\n\n\n\n<p class=\"wp-block-paragraph\">L\u2019aventure en demi-finale est termin\u00e9e pour l\u2019\u00e9quipe f\u00e9minine de volleyball assis du Canada et Julie&nbsp;Kozun de Melfort, suite \u00e0 leur d\u00e9faite 3-0 contre la Chine.<\/p>\n\n\n\n<p class=\"wp-block-paragraph\">Le match a commenc\u00e9 avec la Chine dominant le terrain dans le premier jeu, ce qui a conduit \u00e0 la d\u00e9faite du Canada 25-16. Dans le deuxi\u00e8me jeu, le Canada a redoubl\u00e9 d\u2019intensit\u00e9 et a r\u00e9duit l\u2019\u00e9cart \u00e0 trois points, mais n\u2019a toujours pas pu remporter la victoire et s\u2019est inclin\u00e9 25-22. Le troisi\u00e8me et dernier jeu a donn\u00e9 des r\u00e9sultats similaires au premier, la Chine battant le Canada 25-18.<\/p>\n\n\n\n<p class=\"wp-block-paragraph\">Kozun a marqu\u00e9 quatre points.<\/p>\n\n\n\n<p class=\"wp-block-paragraph\">Le Canada affrontera le Br\u00e9sil le 7&nbsp;septembre, les deux \u00e9quipes se battant pour la m\u00e9daille de bronze.<\/p>\n\n\n\n<p class=\"wp-block-paragraph\"><strong>Prochaine comp\u00e9tition en Saskatchewan<\/strong><\/p>\n\n\n\n<p class=\"wp-block-paragraph\">La nageuse paralympique de Saskatoon, Hannah&nbsp;Ouellette, sera de retour dans la piscine pour sa troisi\u00e8me \u00e9preuve individuelle, la s\u00e9rie du 50&nbsp;m papillon f\u00e9minin S5, le 6&nbsp;septembre \u00e0 1&nbsp;h&nbsp;53, heure de la Saskatchewan. Si elle se qualifie, elle passera en demi-finales plus tard dans la matin\u00e9e, \u00e0 9&nbsp;h&nbsp;59.<\/p>\n\n\n\n<p class=\"wp-block-paragraph\">Lors de sa deuxi\u00e8me et derni\u00e8re \u00e9preuve des Jeux, Ryan&nbsp;Rousell d\u2019Asquith participera au tableau de 32 de l\u2019\u00e9p\u00e9e masculine, groupe&nbsp;A, en escrime en fauteuil roulant, le 6&nbsp;septembre \u00e0 2&nbsp;h&nbsp;10, heure de la Saskatchewan. Le rep\u00eachage, les \u00e9liminatoires et les finales auront lieu plus tard dans la m\u00eame journ\u00e9e.<\/p>\n\n\n\n<p class=\"wp-block-paragraph\">Et la cycliste paralympique Keely&nbsp;Shaw, de Midale, disputera sa derni\u00e8re course \u00e0 Paris, puisqu\u2019elle participera \u00e0 l\u2019\u00e9preuve sur route C4-5 \u00e0 1&nbsp;h&nbsp;35, heure de la Saskatchewan.<\/p>\n\n\n\n<p class=\"wp-block-paragraph\"><strong>Remarques concernant les Jeux paralympiques&nbsp;:<\/strong> La nageuse paralympique, Aur\u00e9lie&nbsp;Rivard, a offert une performance en or dans l\u2019\u00e9preuve f\u00e9minine du 400&nbsp;m libre S10 et a d\u00e9croch\u00e9 l\u2019or\u2026 Brent&nbsp;Lakatos a remport\u00e9 l\u2019or dans l\u2019\u00e9preuve masculine du 800&nbsp;m T53\u2026 Tess&nbsp;Routliffe a d\u00e9croch\u00e9 le bronze dans l\u2019\u00e9preuve f\u00e9minine du 100&nbsp;m brasse SB7\u2026 Le bilan des m\u00e9dailles du Canada&nbsp;: 20 (6&nbsp;m\u00e9dailles d\u2019or, 6&nbsp;m\u00e9dailles d\u2019argent, 8&nbsp;m\u00e9dailles de bronze).<\/p>\n\n\n\n<figure class=\"wp-block-embed\"><div class=\"wp-block-embed__wrapper\">\n<blockquote class=\"twitter-tweet\" data-width=\"550\" data-dnt=\"true\"><p lang=\"en\" dir=\"ltr\">Three medals, including two Golds on Day 8, bring our total to 20 for <a href=\"https:\/\/twitter.com\/Paris2024?ref_src=twsrc%5Etfw\">@Paris2024<\/a>!<a href=\"https:\/\/twitter.com\/hashtag\/GreatnessMovesUs?src=hash&amp;ref_src=twsrc%5Etfw\">#GreatnessMovesUs<\/a> <a href=\"https:\/\/twitter.com\/hashtag\/Paris2024?src=hash&amp;ref_src=twsrc%5Etfw\">#Paris2024<\/a> <a href=\"https:\/\/twitter.com\/hashtag\/Paralympics?src=hash&amp;ref_src=twsrc%5Etfw\">#Paralympics<\/a> <a href=\"https:\/\/t.co\/ubuJjdgMhO\">pic.twitter.com\/ubuJjdgMhO<\/a><\/p>&mdash; Canadian Paralympic Team (@CDNParalympics) <a href=\"https:\/\/twitter.com\/CDNParalympics\/status\/1831822218650890624?ref_src=twsrc%5Etfw\">September 5, 2024<\/a><\/blockquote><script async src=\"https:\/\/platform.twitter.com\/widgets.js\" charset=\"utf-8\"><\/script>\n<\/div><\/figure>\n\n\n\n<p class=\"wp-block-paragraph\"><strong>JOUR&nbsp;7&nbsp;\u2013 4&nbsp;septembre&nbsp;2024<\/strong><\/p>\n\n\n\n<p class=\"wp-block-paragraph\"><strong>Newkirk de retour dans la piscine<\/strong><\/p>\n\n\n\n<p class=\"wp-block-paragraph\">Ce matin, Shelby&nbsp;Newkirk est retourn\u00e9e dans les bassins pour la s\u00e9rie du 100&nbsp;m libre S7, terminant en 11<sup>e<\/sup>&nbsp;position avec un temps de 1:15,38&nbsp;secondes.<\/p>\n\n\n\n<p class=\"wp-block-paragraph\">La nageuse para de Saskatoon ne s\u2019est pas qualifi\u00e9e pour la finale et se concentrera maintenant sur sa derni\u00e8re \u00e9preuve, la s\u00e9rie du 100&nbsp;m dos S6, le 7&nbsp;septembre.<\/p>\n\n\n\n<p class=\"wp-block-paragraph\"><strong>Shaw court sur route<\/strong><\/p>\n\n\n\n<p class=\"wp-block-paragraph\">Keely&nbsp;Shaw, de Midale, a disput\u00e9 sa premi\u00e8re course des Jeux paralympiques en dehors de la piste, lors du Contre-la-montre individuel sur route C4.<\/p>\n\n\n\n<p class=\"wp-block-paragraph\">Shaw a termin\u00e9 cinqui\u00e8me au classement g\u00e9n\u00e9ral avec un temps de 22:09,19&nbsp;secondes et se concentrera maintenant sur sa derni\u00e8re \u00e9preuve \u00e0 Paris, le 6&nbsp;septembre, lors de la course sur route C4-5.<\/p>\n\n\n\n<p class=\"wp-block-paragraph\"><strong>Prochaine comp\u00e9tition en Saskatchewan<\/strong><\/p>\n\n\n\n<p class=\"wp-block-paragraph\">Apr\u00e8s une journ\u00e9e de pause dans la comp\u00e9tition, Nik&nbsp;Goncin et Garrett&nbsp;Ostepchuk de Regina rejoindront l\u2019\u00e9quipe masculine canadienne de basketball en fauteuil roulant sur le terrain pour leur match de demi-finale contre les \u00c9tats-Unis le 5&nbsp;septembre \u00e0 13&nbsp;h&nbsp;30, heure de la Saskatchewan.<\/p>\n\n\n\n<p class=\"wp-block-paragraph\">Dans une autre demi-finale, la joueuse de volleyball assis Julie&nbsp;Kozun, originaire de Melfort, rejoindra l\u2019\u00e9quipe f\u00e9minine du Canada lorsqu\u2019elles affronteront la Chine le 5&nbsp;septembre \u00e0 12&nbsp;h, heure de la Saskatchewan.<\/p>\n\n\n\n<p class=\"wp-block-paragraph\"><strong>Remarques concernant les Jeux paralympiques&nbsp;:<\/strong> Le Canada a ajout\u00e9 deux autres m\u00e9dailles d\u2019or \u00e0 son total, l\u2019une venant du nageur paralympique Nicholas&nbsp;Bennett dans le 200&nbsp;m 4&nbsp;nages masculin SM14 et l\u2019autre de Greg&nbsp;Stewart dans le lancer du poids masculin F46\u2026 Le cycliste paralympique Nathan&nbsp;Clement a brill\u00e9 avec l\u2019argent apr\u00e8s sa deuxi\u00e8me place dans le contre-la-montre individuel masculin T1-2\u2026 Une deuxi\u00e8me m\u00e9daille d\u2019argent a \u00e9t\u00e9 remport\u00e9e par le nageur paralympique Reid&nbsp;Maxwell dans le 400&nbsp;m libre masculin S8\u2026 Le bilan des m\u00e9dailles du Canada&nbsp;: 17 (4&nbsp;m\u00e9dailles d\u2019or, 6&nbsp;m\u00e9dailles d\u2019argent, 7&nbsp;m\u00e9dailles de bronze).<\/p>\n\n\n\n<p class=\"wp-block-paragraph\"><strong>JOUR&nbsp;6&nbsp;\u2013 3&nbsp;septembre&nbsp;2024<\/strong><\/p>\n\n\n\n<p class=\"wp-block-paragraph\"><strong>Le Canada en demi-finales avec Goncin et Ostepchuk<\/strong><\/p>\n\n\n\n<p class=\"wp-block-paragraph\">En quart de finale, l\u2019\u00e9quipe masculine canadienne de basketball en fauteuil roulant a intensifi\u00e9 son jeu et a s\u00e9curis\u00e9 une place en demi-finale apr\u00e8s en battant les Pays-Bas 79-67.<\/p>\n\n\n\n<p class=\"wp-block-paragraph\">Le Canada a jou\u00e9 un match serr\u00e9 contre ses adversaires lors du premier quart. Avec dix secondes \u00e0 l\u2019horloge, Nik&nbsp;Goncin de Regina a marqu\u00e9 deux points et a aid\u00e9 le Canada \u00e0 combler l\u2019\u00e9cart \u00e0 19-18, avec l\u2019aide de Garrett&nbsp;Ostepchuk de Regina.<\/p>\n\n\n\n<p class=\"wp-block-paragraph\">Le vent a tourn\u00e9 en faveur du Canada dans le deuxi\u00e8me quart, o\u00f9 ils ont pris l\u2019avantage 44-29 apr\u00e8s avoir marqu\u00e9 26&nbsp;points. Les Pays-Bas n\u2019ont pas pu combler l\u2019\u00e9cart pour le reste du match, le Canada r\u00e9ussissant le dernier tir de deux points et remportant la victoire.<\/p>\n\n\n\n<p class=\"wp-block-paragraph\">Le Canadien Patrick&nbsp;Anderson a men\u00e9 les deux \u00e9quipes avec un total de 20&nbsp;points, tandis que Goncin a ajout\u00e9 16&nbsp;points et quatre rebonds, et Ostepchuk a inscrit six points et r\u00e9cup\u00e9r\u00e9 trois rebonds.<\/p>\n\n\n\n<p class=\"wp-block-paragraph\">Le Canada se pr\u00e9pare pour son match de demi-finale contre les \u00c9tats-Unis le 5&nbsp;septembre.<\/p>\n\n\n\n<p class=\"wp-block-paragraph\"><strong>Rousell conclut l\u2019\u00e9preuve de sabre en escrime en fauteuil roulant<\/strong><\/p>\n\n\n\n<p class=\"wp-block-paragraph\">Ryan&nbsp;Rousell, originaire d\u2019Asquith, a commenc\u00e9 sa comp\u00e9tition \u00e0 Paris dans l\u2019\u00e9preuve de sabre masculin, cat\u00e9gorie&nbsp;A.<\/p>\n\n\n\n<p class=\"wp-block-paragraph\">Lors de son premier combat de la journ\u00e9e, Rousell s\u2019est inclin\u00e9 15-7 face \u00e0 l\u2019Ukrainien Artem&nbsp;Manko dans l\u2019\u00e9preuve du tableau de 16 et a ensuite pass\u00e9 au tour de rep\u00eachage&nbsp;1, o\u00f9 il a domin\u00e9 15-4 contre le Br\u00e9silien Lenilson&nbsp;de&nbsp;Oliveira.<\/p>\n\n\n\n<p class=\"wp-block-paragraph\">Rousell a termin\u00e9 en 11<sup>e<\/sup>&nbsp;position apr\u00e8s s\u2019\u00eatre inclin\u00e9 15-5 contre l\u2019Italien Edoardo&nbsp;Giordan lors du tour de rep\u00eachage&nbsp;2.<\/p>\n\n\n\n<p class=\"wp-block-paragraph\">Son s\u00e9jour \u00e0 Paris n\u2019est pas termin\u00e9, car Rousell se pr\u00e9pare \u00e0 participer \u00e0 l\u2019\u00e9preuve du tableau de 32 en \u00e9p\u00e9e masculine, cat\u00e9gorie&nbsp;A, le 6&nbsp;septembre.<\/p>\n\n\n\n<p class=\"wp-block-paragraph\"><strong>Ens conclut son passage aux Jeux paralympiques<\/strong><\/p>\n\n\n\n<p class=\"wp-block-paragraph\">Le passage de Nikita&nbsp;Ens \u00e0 Paris pour les Jeux paralympiques d\u2019\u00e9t\u00e9 2024 est arriv\u00e9 \u00e0 son terme.<\/p>\n\n\n\n<p class=\"wp-block-paragraph\">L\u2019athl\u00e8te de Meadow&nbsp;Lake a termin\u00e9 huiti\u00e8me dans la s\u00e9rie du 100&nbsp;m libre f\u00e9minin S3 avec un temps de 2:34,14&nbsp;secondes, ne parvenant pas \u00e0 se qualifier pour la finale.<\/p>\n\n\n\n<p class=\"wp-block-paragraph\"><strong>Prochaine comp\u00e9tition en Saskatchewan<\/strong><\/p>\n\n\n\n<p class=\"wp-block-paragraph\">Shelby&nbsp;Newkirk, de Saskatoon, retournera dans la piscine pour son deuxi\u00e8me \u00e9v\u00e9nement individuel des Jeux, dans les s\u00e9ries du 100&nbsp;m libre f\u00e9minin S7, \u00e0 3&nbsp;h&nbsp;10, heure de la Saskatchewan, le 4&nbsp;septembre. &nbsp;La finale aura lieu plus tard dans l\u2019avant-midi \u00e0 11&nbsp;h&nbsp;29.<\/p>\n\n\n\n<p class=\"wp-block-paragraph\">Laissant la piste derri\u00e8re elle, la cycliste paralympique Keely&nbsp;Shaw de Midale participera maintenant \u00e0 deux \u00e9preuves sur route, en commen\u00e7ant par le contre-la-montre individuel C4 le 4&nbsp;septembre \u00e0 0&nbsp;h&nbsp;14, heure de la Saskatchewan.<\/p>\n\n\n\n<p class=\"wp-block-paragraph\"><strong>Remarques concernant les Jeux paralympiques&nbsp;:<\/strong>&nbsp;La deuxi\u00e8me m\u00e9daille d\u2019or du Canada a \u00e9t\u00e9 remport\u00e9e par Cody&nbsp;Fournie dans l\u2019\u00e9preuve du 100&nbsp;m T51 en athl\u00e9tisme paralympique masculin avec un temps de 37,64&nbsp;secondes\u2026 La nageuse paralympique Katie&nbsp;Cosgriffe a d\u00e9croch\u00e9 le bronze dans le 100&nbsp;m papillon f\u00e9minin S10 avec un temps de 1:07,22&nbsp;secondes\u2026 Le bilan des m\u00e9dailles du Canada&nbsp;: 13 (2&nbsp;m\u00e9dailles d\u2019or, 4&nbsp;m\u00e9dailles d\u2019argent, 7&nbsp;m\u00e9dailles de bronze).<\/p>\n\n\n\n<p class=\"wp-block-paragraph\"><strong>JOUR&nbsp;5&nbsp;\u2013 2&nbsp;septembre&nbsp;2024<\/strong><\/p>\n\n\n\n<p class=\"wp-block-paragraph\"><strong>Goncin et Ostepchuk passent en quart de finale<\/strong><\/p>\n\n\n\n<p class=\"wp-block-paragraph\">L\u2019\u00e9quipe masculine canadienne de basketball en fauteuil roulant, incluant Nik&nbsp;Goncin et Garrett&nbsp;Ostepchuk de Regina, se qualifie pour les quarts de finale des Jeux paralympiques de Paris, gr\u00e2ce \u00e0 une victoire 68-52 contre l\u2019Allemagne le 2&nbsp;septembre.<\/p>\n\n\n\n<p class=\"wp-block-paragraph\">Les deux \u00e9quipes se sont affront\u00e9es de mani\u00e8re intense dans le premier quart, mais le Canada a termin\u00e9 en t\u00eate \u00e0 la mi-temps avec un score de 16-11. \u00c0 partir de l\u00e0, le Canada a commenc\u00e9 \u00e0 creuser l\u2019\u00e9cart, surpassant les Allemands 21-13 et 27-18 lors des deuxi\u00e8me et troisi\u00e8me quarts, respectivement. L\u2019Allemagne a domin\u00e9 le Canada 10-4 dans les dix derni\u00e8res minutes, mais cela n\u2019a pas suffi.<\/p>\n\n\n\n<p class=\"wp-block-paragraph\">Patrick&nbsp;Anderson a men\u00e9 l\u2019\u00e9quipe canadienne avec 17&nbsp;points, tandis que Goncin a ajout\u00e9 huit points et neuf rebonds, et Ostepchuk a contribu\u00e9 avec cinq points et deux rebonds.<\/p>\n\n\n\n<p class=\"wp-block-paragraph\">Gr\u00e2ce \u00e0 cette victoire, le Canada termine la phase de poules avec un bilan de 2-1 et affrontera les Pays-Bas au premier tour des \u00e9liminatoires le 3&nbsp;septembre \u00e0 8&nbsp;h, heure de la Saskatchewan.<\/p>\n\n\n\n<p class=\"wp-block-paragraph\"><strong>Le Canada remporte la victoire sur le Rwanda en volleyball assis<\/strong><\/p>\n\n\n\n<p class=\"wp-block-paragraph\">Julie&nbsp;Kozun de Melfort et l\u2019\u00e9quipe canadienne de volleyball assis f\u00e9minin se sont qualifi\u00e9s pour les \u00e9liminatoires apr\u00e8s avoir battu le Rwanda 3-0 (25-14, 25-17 et 25-13) lors de leur dernier match de la phase de poules, le jour&nbsp;5 des Paralympiques.<\/p>\n\n\n\n<p class=\"wp-block-paragraph\">Kozun a ajout\u00e9 12&nbsp;points \u00e0 la victoire du Canada.<\/p>\n\n\n\n<p class=\"wp-block-paragraph\">Le Canada, avec un bilan de 2-1 en phase de poules, passera maintenant en demi-finales le 3&nbsp;septembre. Son adversaire reste \u00e0 d\u00e9terminer.<\/p>\n\n\n\n<p class=\"wp-block-paragraph\"><strong>Ens participe \u00e0 son premier \u00e9v\u00e9nement \u00e0 Paris<\/strong><\/p>\n\n\n\n<p class=\"wp-block-paragraph\">La double paralympienne Nikita&nbsp;Ens de Meadow&nbsp;Lake a particip\u00e9 \u00e0 son premier \u00e9v\u00e9nement de natation paralympique \u00e0 Paris le 2&nbsp;septembre, le 50&nbsp;m dos f\u00e9minin S3.<\/p>\n\n\n\n<p class=\"wp-block-paragraph\">Ens a termin\u00e9 cinqui\u00e8me dans sa s\u00e9rie avec un temps de 1:13,44&nbsp;secondes et ne s\u2019est pas qualifi\u00e9e pour la finale.<\/p>\n\n\n\n<p class=\"wp-block-paragraph\">Il lui reste encore un \u00e9v\u00e9nement \u00e0 disputer lors des Jeux, le 100&nbsp;m libre f\u00e9minin S3, le 3&nbsp;septembre \u00e0 2&nbsp;h&nbsp;59, heure de la Saskatchewan.<\/p>\n\n\n\n<p class=\"wp-block-paragraph\"><strong>Newkirk fait \u00e9quipe pour le relais<\/strong><\/p>\n\n\n\n<p class=\"wp-block-paragraph\">La nageuse paralympique de Saskatoon, Shelby&nbsp;Newkirk, a particip\u00e9 \u00e0 son premier \u00e9v\u00e9nement de relais le 2&nbsp;septembre, en comp\u00e9tition dans le relais mixte 4&nbsp;x&nbsp;100&nbsp;m 4&nbsp;nages&nbsp;\u2013 34&nbsp;points.<\/p>\n\n\n\n<p class=\"wp-block-paragraph\">Les Canadiens ont termin\u00e9 la finale en huiti\u00e8me position avec un temps de 4:50,00. Le Canada s\u2019est qualifi\u00e9 pour la finale apr\u00e8s avoir \u00e9galement termin\u00e9 huiti\u00e8me lors des s\u00e9ries avec un temps de 4:46,82.<\/p>\n\n\n\n<p class=\"wp-block-paragraph\"><strong>Remarques concernant les Jeux paralympiques&nbsp;: <\/strong>Le nageur paralympique Nicholas&nbsp;Bennett a d\u00e9croch\u00e9 sa deuxi\u00e8me m\u00e9daille et la premi\u00e8re m\u00e9daille d\u2019or du Canada, en terminant premier du 100&nbsp;m brasse masculin SB14\u2026 Austin&nbsp;Smeenk a remport\u00e9 le bronze dans la course masculine 100&nbsp;m T34 en athl\u00e9tisme paralympique\u2026 Leanne&nbsp;Taylor, qui a pass\u00e9 du temps \u00e0 s\u2019entra\u00eener \u00e0 Regina, a remport\u00e9 le bronze en triathlon paralympique f\u00e9minin\u2026 Le bilan des m\u00e9dailles du Canada&nbsp;: 11 (1&nbsp;m\u00e9daille d\u2019or, 4&nbsp;m\u00e9dailles d\u2019argent, 6&nbsp;m\u00e9dailles de bronze).<\/p>\n\n\n\n<p class=\"wp-block-paragraph\"><strong>Prochaine comp\u00e9tition en Saskatchewan<\/strong><\/p>\n\n\n\n<p class=\"wp-block-paragraph\">Nikita&nbsp;Ens de Meadow Lake participera \u00e0 son deuxi\u00e8me \u00e9v\u00e9nement des Jeux paralympiques, les s\u00e9ries du 100&nbsp;m libre f\u00e9minin S3, \u00e0 2&nbsp;h&nbsp;59, heure de la Saskatchewan, le 3&nbsp;septembre. La finale aura lieu plus tard dans la journ\u00e9e \u00e0 11&nbsp;h&nbsp;28.<\/p>\n\n\n\n<p class=\"wp-block-paragraph\">L\u2019escrimeur en fauteuil roulant de Asquith, Ryan&nbsp;Rousell, participera \u00e0 l\u2019\u00e9preuve de sabre masculin cat\u00e9gorie A le 3&nbsp;septembre \u00e0 5&nbsp;h, dans le tableau de 32. Le rep\u00eachage, les \u00e9liminatoires et les finales auront \u00e9galement lieu dans la m\u00eame journ\u00e9e.<\/p>\n\n\n\n<p class=\"wp-block-paragraph\">Les Canadiens en fauteuil roulant, incluant les joueurs de Regina Nik&nbsp;Goncin et Garrett&nbsp;Ostepchuk, affronteront les Pays-Bas en quart de finale le 3&nbsp;septembre \u00e0 8&nbsp;h.<\/p>\n\n\n\n<p class=\"wp-block-paragraph\"><strong>JOUR&nbsp;4&nbsp;\u2013 1<sup>er<\/sup>&nbsp;septembre&nbsp;2024<\/strong><\/p>\n\n\n\n<p class=\"wp-block-paragraph\"><strong>Wassermann conclut ses Jeux paralympiques<\/strong><\/p>\n\n\n\n<p class=\"wp-block-paragraph\">Apr\u00e8s trois courses en trois jours, Jacob&nbsp;Wassermann, rameur paralympique, est arriv\u00e9 \u00e0 la fin de ses premiers Jeux paralympiques.<\/p>\n\n\n\n<p class=\"wp-block-paragraph\">Lors de la finale B du skiff masculin PR1 le jour&nbsp;4, le nageur de Humboldt a termin\u00e9 en quatri\u00e8me position avec un temps de 11:58,90&nbsp;secondes.<\/p>\n\n\n\n<p class=\"wp-block-paragraph\"><strong>Remarques concernant les Jeux paralympiques&nbsp;: <\/strong>La nageuse paralympique Aurelie&nbsp;Rivard a remport\u00e9 la m\u00e9daille d\u2019argent du Canada dans l\u2019\u00e9preuve du 100&nbsp;m libre f\u00e9minin S10\u2026 Brent&nbsp;Lakatos a d\u00e9croch\u00e9 la premi\u00e8re m\u00e9daille en para-athl\u00e9tisme pour le Canada \u00e0 Paris, dans la course du 400&nbsp;m T53 masculin\u2026 Le bilan des m\u00e9dailles du Canada&nbsp;: 8 (0&nbsp;m\u00e9daille d\u2019or, 4&nbsp;m\u00e9dailles d\u2019argent, 4&nbsp;m\u00e9dailles de bronze).<\/p>\n\n\n\n<p class=\"wp-block-paragraph\"><strong>Prochaine comp\u00e9tition en Saskatchewan<\/strong><\/p>\n\n\n\n<p class=\"wp-block-paragraph\">Nikita&nbsp;Ens, nageuse paralympique de Saskatoon, participera au premier de ses deux \u00e9v\u00e9nements le 2&nbsp;septembre, les s\u00e9ries du 50&nbsp;m dos f\u00e9minin S3, \u00e0 2&nbsp;h&nbsp;16, heure de la Saskatchewan. La finale de l\u2019\u00e9v\u00e9nement aura lieu plus tard dans la journ\u00e9e \u00e0 10&nbsp;h&nbsp;5.<\/p>\n\n\n\n<p class=\"wp-block-paragraph\">L\u2019\u00e9quipe canadienne masculine de basketball en fauteuil roulant, comprenant Nik&nbsp;Goncin et Garrett&nbsp;Ostepchuk de Regina, sera de retour sur le terrain pour son dernier match de la phase de poules contre l\u2019Allemagne, le 2&nbsp;septembre \u00e0 8&nbsp;h&nbsp;5, heure de la Saskatchewan.<\/p>\n\n\n\n<p class=\"wp-block-paragraph\">Retournera \u00e9galement en action l\u2019\u00e9quipe f\u00e9minine de volleyball assis, ainsi que Julie&nbsp;Kozun de Melfort. Ils affronteront le Rwanda dans leur dernier match de la phase de poules \u00e0 10&nbsp;h, heure de la Saskatchewan.<\/p>\n\n\n\n<p class=\"wp-block-paragraph\"><strong>JOUR&nbsp;3&nbsp;\u2013 31&nbsp;ao\u00fbt&nbsp;2024<\/strong><\/p>\n\n\n\n<p class=\"wp-block-paragraph\"><strong>L\u2019\u00e9quipe masculine de basketball en fauteuil roulant perd face \u00e0 la Grande-Bretagne<\/strong><\/p>\n\n\n\n<p class=\"wp-block-paragraph\">Le Canada a eu du mal \u00e0 rattraper son retard d\u00e8s le d\u00e9but de son match de basketball en fauteuil roulant contre la Grande-Bretagne le 31&nbsp;ao\u00fbt, s\u2019inclinant finalement 88-58.<\/p>\n\n\n\n<p class=\"wp-block-paragraph\">Les Canadiens ont r\u00e9ussi 24&nbsp;tirs sur 57&nbsp;tentatives, tandis que l\u2019\u00e9quipe britannique en a inscrit 37 sur 66.<\/p>\n\n\n\n<p class=\"wp-block-paragraph\">Colin&nbsp;Higgins a \u00e9t\u00e9 le meilleur marqueur du Canada avec 14&nbsp;points, tandis que Nik&nbsp;Goncin, de Regina, a ajout\u00e9 huit points et Garrett&nbsp;Ostepchuk, \u00e9galement de Regina, a inscrit quatre points.<\/p>\n\n\n\n<p class=\"wp-block-paragraph\">Cette d\u00e9faite fait chuter le Canada \u00e0 un bilan de 1-1 aux Jeux paralympiques, et il conclura la phase de poules le 2&nbsp;septembre contre l\u2019Allemagne.<\/p>\n\n\n\n<p class=\"wp-block-paragraph\"><strong>Le Br\u00e9sil bat le Canada en volleyball assis<\/strong><\/p>\n\n\n\n<p class=\"wp-block-paragraph\">L\u2019\u00e9quipe canadienne de volleyball assis f\u00e9minin, avec Julie&nbsp;Kozun de Melfort, affiche un bilan de 1-1 aux Jeux paralympiques apr\u00e8s une d\u00e9faite avec 3-1 contre le Br\u00e9sil lors du jour&nbsp;3 des Jeux.<\/p>\n\n\n\n<p class=\"wp-block-paragraph\">Le Br\u00e9sil a domin\u00e9 les deux premi\u00e8res manches avec 25-20 et 25-21, ainsi que la quatri\u00e8me manche avec 25-19, tandis que le Canada a remport\u00e9 la troisi\u00e8me manche avec 25-23.<\/p>\n\n\n\n<p class=\"wp-block-paragraph\">Kozun a marqu\u00e9 quatre points dans la partie.<\/p>\n\n\n\n<p class=\"wp-block-paragraph\">Le Canada conclura son jeu de phase de poules lundi contre le Rwanda.<\/p>\n\n\n\n<p class=\"wp-block-paragraph\"><strong>Wassermann participera \u00e0 la finale&nbsp;B<\/strong><\/p>\n\n\n\n<p class=\"wp-block-paragraph\">Le rameur paralympique Jacob&nbsp;Wassermann a concouru pour la deuxi\u00e8me fois aux Jeux paralympiques le 31&nbsp;ao\u00fbt, lors du rep\u00eachage masculin en skiff PR1.<\/p>\n\n\n\n<p class=\"wp-block-paragraph\">Le rameur paralympique Jacob&nbsp;Wassermann, originaire de Humboldt, a termin\u00e9 en quatri\u00e8me position lors du rep\u00eachage du skiff PR1 masculin le 31&nbsp;ao\u00fbt, avec un temps de 11:28,11&nbsp;secondes. Il disputera sa derni\u00e8re course \u00e0 Paris le 1<sup>er<\/sup>&nbsp;septembre \u00e0 1&nbsp;h&nbsp;50, heure de la Saskatchewan, lors de la finale B.<\/p>\n\n\n\n<p class=\"wp-block-paragraph\"><strong>Renneberg fait ses d\u00e9buts paralympiques<\/strong><\/p>\n\n\n\n<p class=\"wp-block-paragraph\">Les premiers Jeux paralympiques d\u2019Ashlyn&nbsp;Renneberg sont officiellement termin\u00e9s apr\u00e8s que la Saskatoonneuse ait particip\u00e9 \u00e0 l\u2019\u00e9preuve du lancer du javelot F13 f\u00e9minin le jour&nbsp;3 des Jeux, son unique \u00e9preuve.<\/p>\n\n\n\n<p class=\"wp-block-paragraph\">Renneberg a lanc\u00e9 \u00e0 une distance de 30,93&nbsp;m lors de son troisi\u00e8me essai, ce qui lui a permis de terminer en septi\u00e8me position.<\/p>\n\n\n\n<p class=\"wp-block-paragraph\"><strong>Remarques concernant les Jeux paralympiques&nbsp;: <\/strong>Le Canada a remport\u00e9 deux m\u00e9dailles d\u2019argent \u00e0 la piscine, Nicholas&nbsp;Bennett terminant deuxi\u00e8me dans le 200&nbsp;m libre masculin S14 et Tess&nbsp;Routliffe obtenant le m\u00eame r\u00e9sultat dans le 200&nbsp;m 4&nbsp;nages individuel f\u00e9minin SM7.<\/p>\n\n\n\n<p class=\"wp-block-paragraph\"><strong>Prochaine comp\u00e9tition en Saskatchewan<\/strong><\/p>\n\n\n\n<p class=\"wp-block-paragraph\">Le rameur paralympique Jacob&nbsp;Wassermann sera le seul athl\u00e8te de la Saskatchewan en comp\u00e9tition lors du jour&nbsp;4 des Jeux paralympiques, le 1er&nbsp;septembre, participant \u00e0 la course en skiff PR1 masculin \u00e0 1&nbsp;h&nbsp;50, heure de la Saskatchewan.<\/p>\n\n\n\n<p class=\"wp-block-paragraph\"><strong>JOUR&nbsp;2&nbsp;\u2013 30&nbsp;ao\u00fbt&nbsp;2024<\/strong><\/p>\n\n\n\n<p class=\"wp-block-paragraph\"><strong>Shaw remporte sa deuxi\u00e8me m\u00e9daille de bronze paralympique en carri\u00e8re<\/strong><\/p>\n\n\n\n<p class=\"wp-block-paragraph\">Keely&nbsp;Shaw r\u00e9p\u00e8te son exploit \u00e0 Paris et remporte la m\u00e9daille de bronze dans la course poursuite individuelle de 3&nbsp;000&nbsp;m C4 le jour&nbsp;2 des Jeux paralympiques. Shaw, originaire de Midale, a remport\u00e9 le bronze dans le m\u00eame \u00e9v\u00e9nement \u00e0 Tokyo en 2020.<\/p>\n\n\n\n<p class=\"wp-block-paragraph\">Lors des qualifications de l\u2019\u00e9v\u00e9nement, Shaw a termin\u00e9 troisi\u00e8me avec un temps de 3:44.012&nbsp;secondes, ce qui lui a permis de se qualifier pour la finale pour la m\u00e9daille de bronze, qu\u2019elle a remport\u00e9e avec un temps de 3:46.942&nbsp;secondes.<\/p>\n\n\n\n<p class=\"wp-block-paragraph\">Cela met fin aux \u00e9v\u00e9nements de cyclisme sur piste de Shaw aux Jeux. Elle prendra maintenant une pause avant de retourner \u00e0 l\u2019action avec des \u00e9v\u00e9nements sur route \u00e0 compter du 4&nbsp;septembre.<\/p>\n\n\n\n<figure class=\"wp-block-embed\"><div class=\"wp-block-embed__wrapper\">\n<blockquote class=\"twitter-tweet\" data-width=\"550\" data-dnt=\"true\"><p lang=\"en\" dir=\"ltr\">Keely Shaw is back on the Paralympic podium for Canada \ud83c\udde8\ud83c\udde6\ud83e\udd49<br><br>Shaw matches her result from Tokyo 2020, earning bronze in the women\u2019s C4 3,000m individual pursuit at <a href=\"https:\/\/twitter.com\/hashtag\/Paris2024?src=hash&amp;ref_src=twsrc%5Etfw\">#Paris2024<\/a> <a href=\"https:\/\/twitter.com\/hashtag\/MedalMoments?src=hash&amp;ref_src=twsrc%5Etfw\">#MedalMoments<\/a> presented by <a href=\"https:\/\/twitter.com\/petrocanada?ref_src=twsrc%5Etfw\">@PetroCanada<\/a> <a href=\"https:\/\/t.co\/oa9GNJGIVc\">pic.twitter.com\/oa9GNJGIVc<\/a><\/p>&mdash; CBC Sports (@cbcsports) <a href=\"https:\/\/twitter.com\/cbcsports\/status\/1829526537990742399?ref_src=twsrc%5Etfw\">August 30, 2024<\/a><\/blockquote><script async src=\"https:\/\/platform.twitter.com\/widgets.js\" charset=\"utf-8\"><\/script>\n<\/div><\/figure>\n\n\n\n<p class=\"wp-block-paragraph\"><strong>Nik&nbsp;Goncin et Garrett&nbsp;Ostepchuk aident le Canada \u00e0 remporter la victoire<\/strong><\/p>\n\n\n\n<p class=\"wp-block-paragraph\">L\u2019\u00e9quipe masculine de basketball en fauteuil roulant du Canada a remport\u00e9 sa premi\u00e8re victoire aux Jeux paralympiques, battant la France 83-68.<\/p>\n\n\n\n<p class=\"wp-block-paragraph\">Le Canada menait 26-20 apr\u00e8s le premier quart-temps, mais la France a su se rattraper pour prendre l\u2019avantage 41-39 \u00e0 la mi-temps.<\/p>\n\n\n\n<p class=\"wp-block-paragraph\">Ne se laissant pas d\u00e9courager, l\u2019\u00e9quipe canadienne, avec l\u2019aide des joueurs de Regina Nik&nbsp;Goncin et Garrett&nbsp;Ostepchuk, a domin\u00e9 la deuxi\u00e8me moiti\u00e9 de match, surpassant la France 44-27 en route vers la victoire.<\/p>\n\n\n\n<p class=\"wp-block-paragraph\">Colin&nbsp;Higgins a men\u00e9 l\u2019\u00e9quipe canadienne avec 38&nbsp;points, tandis qu\u2019Ostepchuk a marqu\u00e9 six points et Goncin a ajout\u00e9 deux points et deux rebonds.<\/p>\n\n\n\n<p class=\"wp-block-paragraph\">Le Canada sera de retour en action le 31&nbsp;ao\u00fbt, affrontant la Grande-Bretagne \u00e0 4&nbsp;h&nbsp;45, heure de la Saskatchewan.<\/p>\n\n\n\n<p class=\"wp-block-paragraph\"><em>Jetez un coup d\u2019\u0153il au <\/em><a href=\"https:\/\/cheeronsask.ca\/2024\/01\/19\/nik-goncin-blog\/\"><em>dernier blogue de Nik&nbsp;Goncin sur Cheeronsask.ca<\/em><\/a><em>, qui d\u00e9crit le parcours du Canada vers les Jeux et les attentes pour ses troisi\u00e8mes Jeux paralympiques.<\/em><\/p>\n\n\n\n<p class=\"wp-block-paragraph\"><strong>Wassermann fait ses d\u00e9buts paralympiques<\/strong><\/p>\n\n\n\n<p class=\"wp-block-paragraph\">Le rameur paralympique Jacob&nbsp;Wassermann, originaire de Humboldt, a particip\u00e9 \u00e0 ses premiers Jeux paralympiques lors du deuxi\u00e8me jour des comp\u00e9titions, en comp\u00e9tition dans les qualifications du skiff individuel PR1 masculin.<\/p>\n\n\n\n<p class=\"wp-block-paragraph\">Wassermann a termin\u00e9 l\u2019\u00e9preuve en sixi\u00e8me position de sa s\u00e9rie avec un temps de 11:22,35&nbsp;secondes et participera ensuite \u00e0 la ronde de rep\u00eachage le 31&nbsp;ao\u00fbt \u00e0 2&nbsp;h&nbsp;10, heure de la Saskatchewan. Dans cette \u00e9preuve, les deux premiers de chaque s\u00e9rie se qualifieront pour la finale&nbsp;A, tandis que les rameurs restants concourront en finale&nbsp;B.<\/p>\n\n\n\n<p class=\"wp-block-paragraph\"><strong>Ouellette fait \u00e9quipe pour le relais<\/strong><\/p>\n\n\n\n<p class=\"wp-block-paragraph\">Hannah&nbsp;Ouellette de Saskatoon s\u2019est jointe \u00e0 trois autres nageuses paralympiques canadiennes pour participer au relais mixte 4&nbsp;x&nbsp;50&nbsp;m nage libre&nbsp;\u2013 20&nbsp;points, son deuxi\u00e8me \u00e9v\u00e9nement \u00e0 Paris.<\/p>\n\n\n\n<p class=\"wp-block-paragraph\">L\u2019\u00e9quipe a termin\u00e9 dixi\u00e8me au total dans sa s\u00e9rie avec un temps de 3:14,93&nbsp;secondes et ne s\u2019est pas qualifi\u00e9e pour la finale.<\/p>\n\n\n\n<p class=\"wp-block-paragraph\">C\u2019\u00e9tait la premi\u00e8re fois que le Canada inscrivait une \u00e9quipe pour cette \u00e9preuve de relais aux Jeux paralympiques.<\/p>\n\n\n\n<p class=\"wp-block-paragraph\"><strong>Remarques concernant les Jeux paralympiques&nbsp;: <\/strong>En plus de la m\u00e9daille de Shaw, Alexandre&nbsp;Hayward, paracycliste, a \u00e9galement remport\u00e9 le bronze dans la poursuite individuelle de 3&nbsp;000&nbsp;m masculine C3\u2026 Le bilan des m\u00e9dailles du Canada&nbsp;: 4 (0&nbsp;m\u00e9daille d\u2019or, 0&nbsp;m\u00e9daille d\u2019argent, 4&nbsp;m\u00e9dailles de bronze).<\/p>\n\n\n\n<p class=\"wp-block-paragraph\"><strong>Prochaine comp\u00e9tition en Saskatchewan<\/strong><\/p>\n\n\n\n<p class=\"wp-block-paragraph\">Ashlyn&nbsp;Renneberg de Saskatoon fera ses d\u00e9buts paralympiques le 31&nbsp;ao\u00fbt \u00e0 2&nbsp;h, heure de la Saskatchewan, en participant au lancer du javelot F13.<\/p>\n\n\n\n<p class=\"wp-block-paragraph\">Jacob&nbsp;Wasserman, de Humboldt, aura une deuxi\u00e8me chance de se qualifier pour la finale&nbsp;A en skiff masculin PR1 lorsqu\u2019il participera \u00e0 la ronde de rep\u00eachage le 31&nbsp;ao\u00fbt \u00e0 2&nbsp;h&nbsp;10, heure de la Saskatchewan.<\/p>\n\n\n\n<p class=\"wp-block-paragraph\">Pas de r\u00e9pit pour l\u2019\u00e9quipe masculine canadienne de basketball en fauteuil roulant, avec les joueurs de Regina Nik&nbsp;Goncin et Garrett&nbsp;Ostepchuk, puisque l\u2019\u00e9quipe dispute son deuxi\u00e8me match de la phase de poules contre la Grande-Bretagne le 31&nbsp;ao\u00fbt \u00e0 4&nbsp;h&nbsp;45, heure de la Saskatchewan.<\/p>\n\n\n\n<p class=\"wp-block-paragraph\">Apr\u00e8s une pause d\u2019une journ\u00e9e, Julie&nbsp;Kozun de Melfort et l\u2019\u00e9quipe canadienne de volleyball assis f\u00e9minine feront leur retour sur le terrain pour affronter le Br\u00e9sil le 31&nbsp;ao\u00fbt \u00e0 12&nbsp;h, heure de la Saskatchewan, dans leur deuxi\u00e8me partie de la phase de poules.<\/p>\n\n\n\n<p class=\"wp-block-paragraph\"><strong>JOUR&nbsp;1&nbsp;\u2013 29&nbsp;ao\u00fbt&nbsp;2024<\/strong><\/p>\n\n\n\n<p class=\"wp-block-paragraph\"><strong>Kozun, le Canada remporte la victoire sur la Slov\u00e9nie<\/strong><\/p>\n\n\n\n<p class=\"wp-block-paragraph\">C\u2019\u00e9tait une performance dominante en ouverture pour Julie&nbsp;Kozun de Melfort et l\u2019\u00e9quipe canadienne de volleyball assis f\u00e9minin, qui ont battu la Slov\u00e9nie en trois manches cons\u00e9cutives&nbsp;: 25-11, 25-21 et 25-12, pour d\u00e9crocher leur premi\u00e8re victoire aux Jeux paralympiques.<\/p>\n\n\n\n<p class=\"wp-block-paragraph\">La joueuse de volleyball assis, Julie&nbsp;Kozun de Melfort, a enregistr\u00e9 deux des 17&nbsp;as du Canada lors du match, en plus d\u2019ajouter cinq autres points \u00e0 la victoire.<\/p>\n\n\n\n<p class=\"wp-block-paragraph\">Le jeu de la phase de poules se poursuit le 31&nbsp;ao\u00fbt avec le Canada qui affronte le Br\u00e9sil \u00e0 12&nbsp;h, heure de la Saskatchewan.<\/p>\n\n\n\n<p class=\"wp-block-paragraph\"><strong>Shaw participe \u00e0 son premier \u00e9v\u00e9nement<\/strong><\/p>\n\n\n\n<p class=\"wp-block-paragraph\">La paracycliste de Midale, Keely&nbsp;Shaw, a particip\u00e9 au premier de ses quatre \u00e9v\u00e9nements de paracycliste lors du premier jour des Jeux paralympiques, le contre-la-montre de 500&nbsp;m sur piste f\u00e9minin C4-5, o\u00f9 elle a termin\u00e9 en 10<sup>e<\/sup>&nbsp;position au classement g\u00e9n\u00e9ral.<\/p>\n\n\n\n<p class=\"wp-block-paragraph\">En comp\u00e9tition lors du tour de qualification, Shaw a termin\u00e9 avec un temps de 40,431&nbsp;secondes. Elle ne s\u2019est pas qualifi\u00e9e pour la finale.<\/p>\n\n\n\n<p class=\"wp-block-paragraph\">Shaw restera sur la piste pour son prochain \u00e9v\u00e9nement, la poursuite individuelle f\u00e9minine C4 de 3&nbsp;000&nbsp;m, le 30&nbsp;ao\u00fbt \u00e0 4&nbsp;h&nbsp;15, heure de la Saskatchewan. Elle a remport\u00e9 une m\u00e9daille de bronze au m\u00eame \u00e9v\u00e9nement aux Jeux paralympiques de Tokyo.<\/p>\n\n\n\n<p class=\"wp-block-paragraph\"><strong>Ouellette fait ses d\u00e9buts paralympiques<\/strong><\/p>\n\n\n\n<p class=\"wp-block-paragraph\">Lors de ses premiers Jeux paralympiques, la nageuse paralympique de Saskatoon Hannah&nbsp;Ouellette a particip\u00e9 au 200&nbsp;m libre f\u00e9minin S5 le jour&nbsp;1.<\/p>\n\n\n\n<p class=\"wp-block-paragraph\">Ouellette a nag\u00e9 en 4:03,57&nbsp;secondes, terminant en 19<sup>e<\/sup>&nbsp;position au classement g\u00e9n\u00e9ral et ne s\u2019est pas qualifi\u00e9e pour la finale.<\/p>\n\n\n\n<p class=\"wp-block-paragraph\">Elle participera \u00e0 deux autres \u00e9preuves lors de ces Jeux, le 50&nbsp;m papillon f\u00e9minin S5 et le 200&nbsp;m individuel 4&nbsp;nages f\u00e9minin SM5.<\/p>\n\n\n\n<p class=\"wp-block-paragraph\"><strong>Newkirk quatri\u00e8me \u00e0 l\u2019\u00e9v\u00e9nement d\u2019ouverture<\/strong><\/p>\n\n\n\n<p class=\"wp-block-paragraph\">Lors de ses deuxi\u00e8mes Jeux paralympiques, Shelby&nbsp;Newkirk a termin\u00e9 quatri\u00e8me en finale du 50&nbsp;m nage libre f\u00e9minin S6 avec un temps de 34,08&nbsp;secondes.<\/p>\n\n\n\n<p class=\"wp-block-paragraph\">Newkirk, qui vient de Saskatoon et participe \u00e0 trois \u00e9v\u00e9nements aux Jeux, s\u2019est qualifi\u00e9e pour la finale en terminant les \u00e9preuves avec le quatri\u00e8me temps le plus rapide, soit 34,15&nbsp;secondes.<\/p>\n\n\n\n<p class=\"wp-block-paragraph\">Deux autres \u00e9preuves attendent Newkirk pendant les Jeux, le 100&nbsp;m nage libre S7 f\u00e9minin et le 100&nbsp;m dos S6 f\u00e9minin.<\/p>\n\n\n\n<p class=\"wp-block-paragraph\"><strong>Remarques concernant les Jeux paralympiques&nbsp;: <\/strong>Pour la deuxi\u00e8me fois cons\u00e9cutive aux Jeux paralympiques, la premi\u00e8re m\u00e9daille du Canada a \u00e9t\u00e9 remport\u00e9e par une paracycliste, Katie&nbsp;O\u2019Brien, qui a d\u00e9croch\u00e9 le bronze dans le contre-la-montre sur piste f\u00e9minin C4-C5 de 500&nbsp;m\u2026 Aur\u00e9lie&nbsp;Rivard a ajout\u00e9 une 11<sup>e<\/sup>&nbsp;m\u00e9daille paralympique \u00e0 son palmar\u00e8s, en remportant le bronze au 50&nbsp;m nage libre f\u00e9minin S10\u2026 Le bilan des m\u00e9dailles du Canada&nbsp;: 2 (0&nbsp;m\u00e9daille d\u2019or, 0&nbsp;m\u00e9daille d\u2019argent, 2&nbsp;m\u00e9dailles de bronze).<\/p>\n\n\n\n<p class=\"wp-block-paragraph\"><strong>Prochaine comp\u00e9tition en Saskatchewan<\/strong><\/p>\n\n\n\n<p class=\"wp-block-paragraph\">Jacob&nbsp;Wassermann, de Humboldt, fera ses d\u00e9buts paralympiques le jour&nbsp;2 des Jeux paralympiques en participant aux s\u00e9ries de skiff PR1 masculin, \u00e0 partir de 2&nbsp;h&nbsp;10, heure de la Saskatchewan.<\/p>\n\n\n\n<p class=\"wp-block-paragraph\">Keely&nbsp;Shaw de Midale participera \u00e0 son deuxi\u00e8me \u00e9v\u00e9nement \u00e0 Paris le 30&nbsp;ao\u00fbt, la poursuite individuelle de 3&nbsp;000&nbsp;m C4 f\u00e9minine. La qualification aura lieu \u00e0 4&nbsp;h&nbsp;11, heure de la Saskatchewan, suivie de la finale \u00e0 7&nbsp;h&nbsp;22.<\/p>\n\n\n\n<p class=\"wp-block-paragraph\">L\u2019\u00e9quipe masculine canadienne de basketball en fauteuil roulant, incluant Nik&nbsp;Goncin et Garrett&nbsp;Ostepchuk de Regina, jouera son premier match des Jeux paralympiques le 30&nbsp;ao\u00fbt contre la France, \u00e0 10&nbsp;h&nbsp;15, heure de la Saskatchewan.<\/p>\n\n\n\n<p class=\"wp-block-paragraph\"><strong>C\u00c9R\u00c9MONIE D\u2019OUVERTURE&nbsp;\u2013 28&nbsp;ao\u00fbt&nbsp;2024<\/strong><\/p>\n\n\n\n<p class=\"wp-block-paragraph\">Les Jeux paralympiques de Paris ont officiellement commenc\u00e9!&nbsp;<\/p>\n\n\n\n<p class=\"wp-block-paragraph\">Dirig\u00e9e par les porte-drapeaux Patrick&nbsp;Anderson, six fois paralympien avec l\u2019\u00e9quipe masculine de basketball en fauteuil roulant, et Katarina&nbsp;Roxon, nageuse paralympique qui participe \u00e0 ses cinqui\u00e8mes Jeux, l\u2019\u00e9quipe canadienne a d\u00e9fil\u00e9 de l\u2019Arc de Triomphe \u00e0 la Place de la Concorde.&nbsp;<\/p>\n\n\n\n<p class=\"wp-block-paragraph\">Au cours des 11&nbsp;prochains jours, les 126&nbsp;athl\u00e8tes canadiens se battront pour atteindre le sommet du podium et devenir champions paralympiques.&nbsp;<\/p>\n\n\n\n<figure class=\"wp-block-embed\"><div class=\"wp-block-embed__wrapper\">\n<blockquote class=\"twitter-tweet\" data-width=\"550\" data-dnt=\"true\"><p lang=\"en\" dir=\"ltr\">HERE COMES <a href=\"https:\/\/twitter.com\/CDNParalympics?ref_src=twsrc%5Etfw\">@CDNParalympics<\/a> \ud83c\udde8\ud83c\udde6<br><br>Led by flag-bearers Patrick Anderson (\ud83c\udfc0) and Katarina Roxon (\ud83c\udfca\u200d\u2640\ufe0f) at <a href=\"https:\/\/twitter.com\/hashtag\/Paris2024?src=hash&amp;ref_src=twsrc%5Etfw\">#Paris2024<\/a> <a href=\"https:\/\/t.co\/IoLGsOQLgR\">pic.twitter.com\/IoLGsOQLgR<\/a><\/p>&mdash; CBC Sports (@cbcsports) <a href=\"https:\/\/twitter.com\/cbcsports\/status\/1828880801376940427?ref_src=twsrc%5Etfw\">August 28, 2024<\/a><\/blockquote><script async src=\"https:\/\/platform.twitter.com\/widgets.js\" charset=\"utf-8\"><\/script>\n<\/div><\/figure>\n\n\n\n<p class=\"wp-block-paragraph\"><strong>Prochaine comp\u00e9tition en Saskatchewan<\/strong>&nbsp;<\/p>\n\n\n\n<p class=\"wp-block-paragraph\">Dans la piscine, Shelby&nbsp;Newkirk de Saskatoon participera au premier de ses plusieurs \u00e9v\u00e9nements \u00e0 Paris, le 50&nbsp;m nage libre f\u00e9minin S6, \u00e0 3&nbsp;h&nbsp;3, heure de la Saskatchewan. La finale est pr\u00e9vue plus tard dans la matin\u00e9e, \u00e0 11&nbsp;h&nbsp;17, heure de la Saskatchewan, si elle se qualifie.&nbsp;<\/p>\n\n\n\n<p class=\"wp-block-paragraph\">\u00c9galement dans la piscine, la Saskatoonoise Hannah&nbsp;Ouellette fera ses d\u00e9buts paralympiques en participant au 200&nbsp;m nage libre f\u00e9minin S5 \u00e0 3&nbsp;h&nbsp;52, heure de la Saskatchewan. La finale pour cet \u00e9v\u00e9nement aura lieu le m\u00eame jour, \u00e0 12&nbsp;h&nbsp;40 (heure de la Saskatchewan), si elle se qualifie.&nbsp;<\/p>\n\n\n\n<p class=\"wp-block-paragraph\">Keely&nbsp;Shaw, la paracycliste de Midale, qui a remport\u00e9 la premi\u00e8re m\u00e9daille du Canada \u00e0 Tokyo en 2020, participera \u00e0 la phase de qualification du contre-la-montre sur piste f\u00e9minin C4-5 de 500&nbsp;m \u00e0 4&nbsp;h, heure de la Saskatchewan, suivie de la finale \u00e0 7&nbsp;h&nbsp;45, heure de la Saskatchewan.&nbsp;<\/p>\n\n\n\n<p class=\"wp-block-paragraph\">Pendant ce temps, Julie&nbsp;Kozun de Melfort et l\u2019\u00e9quipe canadienne de volleyball assis f\u00e9minin d\u00e9buteront les Jeux paralympiques avec un match de phase de poules contre la Slov\u00e9nie, \u00e0 partir de 10&nbsp;h, heure de la Saskatchewan.&nbsp;<\/p>\n","protected":false},"excerpt":{"rendered":"<p>JOUR&nbsp;11&nbsp;\u2013 8&nbsp;SEPT.&nbsp;2024 Les Jeux paralympiques d\u2019\u00e9t\u00e9 de 2024 tirent \u00e0 leur fin Apr\u00e8s 11&nbsp;jours d\u2019action \u00e0 Paris, les Jeux paralympiques d\u2019\u00e9t\u00e9 de 2024 ont pris fin, et le Canada a remport\u00e9 un total de 29&nbsp;m\u00e9dailles (dix d\u2019or, neuf d\u2019argent et dix de bronze), huit m\u00e9dailles de plus qu\u2019\u00e0 Tokyo en 2020. La derni\u00e8re journ\u00e9e sur [&hellip;]<\/p>\n","protected":false},"author":3,"featured_media":0,"comment_status":"closed","ping_status":"open","sticky":false,"template":"","format":"standard","meta":{"_acf_changed":false,"footnotes":""},"categories":[45],"tags":[51],"class_list":["post-5428","post","type-post","status-publish","format-standard","hentry","category-results-fr","tag-paralympics-fr"],"acf":[],"yoast_head":"<!-- This site is optimized with the Yoast SEO plugin v28.4 - https:\/\/yoast.com\/product\/yoast-seo-wordpress\/ -->\n<title>R\u00e9capitulatif des Jeux paralympiques de Paris - Canadian Sport Centre Saskatchewan<\/title>\n<meta name=\"robots\" content=\"index, follow, max-snippet:-1, max-image-preview:large, max-video-preview:-1\" \/>\n<link rel=\"canonical\" href=\"https:\/\/www.csc-sask.ca\/fr\/recapitulatif-des-jeux-paralympiques-de-paris\/\" \/>\n<meta property=\"og:locale\" content=\"fr_FR\" \/>\n<meta property=\"og:type\" content=\"article\" \/>\n<meta property=\"og:title\" content=\"R\u00e9capitulatif des Jeux paralympiques de Paris - Canadian Sport Centre Saskatchewan\" \/>\n<meta property=\"og:description\" content=\"JOUR&nbsp;11&nbsp;\u2013 8&nbsp;SEPT.&nbsp;2024 Les Jeux paralympiques d\u2019\u00e9t\u00e9 de 2024 tirent \u00e0 leur fin Apr\u00e8s 11&nbsp;jours d\u2019action \u00e0 Paris, les Jeux paralympiques d\u2019\u00e9t\u00e9 de 2024 ont pris fin, et le Canada a remport\u00e9 un total de 29&nbsp;m\u00e9dailles (dix d\u2019or, neuf d\u2019argent et dix de bronze), huit m\u00e9dailles de plus qu\u2019\u00e0 Tokyo en 2020. La derni\u00e8re journ\u00e9e sur [&hellip;]\" \/>\n<meta property=\"og:url\" content=\"https:\/\/www.csc-sask.ca\/fr\/recapitulatif-des-jeux-paralympiques-de-paris\/\" \/>\n<meta property=\"og:site_name\" content=\"Canadian Sport Centre Saskatchewan\" \/>\n<meta property=\"article:published_time\" content=\"2024-09-20T16:38:28+00:00\" \/>\n<meta property=\"article:modified_time\" content=\"2025-02-27T16:39:35+00:00\" \/>\n<meta property=\"og:image\" content=\"https:\/\/www.csc-sask.ca\/wp-content\/uploads\/2020\/01\/ogimagecscs.jpg\" \/>\n\t<meta property=\"og:image:width\" content=\"1200\" \/>\n\t<meta property=\"og:image:height\" content=\"675\" \/>\n\t<meta property=\"og:image:type\" content=\"image\/jpeg\" \/>\n<meta name=\"author\" content=\"Jaime Lammerding\" \/>\n<meta name=\"twitter:card\" content=\"summary_large_image\" \/>\n<meta name=\"twitter:label1\" content=\"\u00c9crit par\" \/>\n\t<meta name=\"twitter:data1\" content=\"Jaime Lammerding\" \/>\n\t<meta name=\"twitter:label2\" content=\"Dur\u00e9e de lecture estim\u00e9e\" \/>\n\t<meta name=\"twitter:data2\" content=\"26 minutes\" \/>\n<script type=\"application\/ld+json\" class=\"yoast-schema-graph\">{\"@context\":\"https:\\\/\\\/schema.org\",\"@graph\":[{\"@type\":\"Article\",\"@id\":\"https:\\\/\\\/www.csc-sask.ca\\\/fr\\\/recapitulatif-des-jeux-paralympiques-de-paris\\\/#article\",\"isPartOf\":{\"@id\":\"https:\\\/\\\/www.csc-sask.ca\\\/fr\\\/recapitulatif-des-jeux-paralympiques-de-paris\\\/\"},\"author\":{\"name\":\"Jaime Lammerding\",\"@id\":\"https:\\\/\\\/www.csc-sask.ca\\\/fr\\\/#\\\/schema\\\/person\\\/6bd5f36043a415e94e6b666809b484c3\"},\"headline\":\"R\u00e9capitulatif des Jeux paralympiques de Paris\",\"datePublished\":\"2024-09-20T16:38:28+00:00\",\"dateModified\":\"2025-02-27T16:39:35+00:00\",\"mainEntityOfPage\":{\"@id\":\"https:\\\/\\\/www.csc-sask.ca\\\/fr\\\/recapitulatif-des-jeux-paralympiques-de-paris\\\/\"},\"wordCount\":6498,\"keywords\":[\"Jeux paralympiques\"],\"articleSection\":[\"R\u00e9sultats\"],\"inLanguage\":\"fr-FR\"},{\"@type\":\"WebPage\",\"@id\":\"https:\\\/\\\/www.csc-sask.ca\\\/fr\\\/recapitulatif-des-jeux-paralympiques-de-paris\\\/\",\"url\":\"https:\\\/\\\/www.csc-sask.ca\\\/fr\\\/recapitulatif-des-jeux-paralympiques-de-paris\\\/\",\"name\":\"R\u00e9capitulatif des Jeux paralympiques de Paris - Canadian Sport Centre Saskatchewan\",\"isPartOf\":{\"@id\":\"https:\\\/\\\/www.csc-sask.ca\\\/fr\\\/#website\"},\"datePublished\":\"2024-09-20T16:38:28+00:00\",\"dateModified\":\"2025-02-27T16:39:35+00:00\",\"author\":{\"@id\":\"https:\\\/\\\/www.csc-sask.ca\\\/fr\\\/#\\\/schema\\\/person\\\/6bd5f36043a415e94e6b666809b484c3\"},\"breadcrumb\":{\"@id\":\"https:\\\/\\\/www.csc-sask.ca\\\/fr\\\/recapitulatif-des-jeux-paralympiques-de-paris\\\/#breadcrumb\"},\"inLanguage\":\"fr-FR\",\"potentialAction\":[{\"@type\":\"ReadAction\",\"target\":[\"https:\\\/\\\/www.csc-sask.ca\\\/fr\\\/recapitulatif-des-jeux-paralympiques-de-paris\\\/\"]}]},{\"@type\":\"BreadcrumbList\",\"@id\":\"https:\\\/\\\/www.csc-sask.ca\\\/fr\\\/recapitulatif-des-jeux-paralympiques-de-paris\\\/#breadcrumb\",\"itemListElement\":[{\"@type\":\"ListItem\",\"position\":1,\"name\":\"Home\",\"item\":\"https:\\\/\\\/www.csc-sask.ca\\\/fr\\\/\"},{\"@type\":\"ListItem\",\"position\":2,\"name\":\"R\u00e9capitulatif des Jeux paralympiques de Paris\"}]},{\"@type\":\"WebSite\",\"@id\":\"https:\\\/\\\/www.csc-sask.ca\\\/fr\\\/#website\",\"url\":\"https:\\\/\\\/www.csc-sask.ca\\\/fr\\\/\",\"name\":\"Canadian Sport Centre Saskatchewan\",\"description\":\"\",\"potentialAction\":[{\"@type\":\"SearchAction\",\"target\":{\"@type\":\"EntryPoint\",\"urlTemplate\":\"https:\\\/\\\/www.csc-sask.ca\\\/fr\\\/?s={search_term_string}\"},\"query-input\":{\"@type\":\"PropertyValueSpecification\",\"valueRequired\":true,\"valueName\":\"search_term_string\"}}],\"inLanguage\":\"fr-FR\"},{\"@type\":\"Person\",\"@id\":\"https:\\\/\\\/www.csc-sask.ca\\\/fr\\\/#\\\/schema\\\/person\\\/6bd5f36043a415e94e6b666809b484c3\",\"name\":\"Jaime Lammerding\",\"image\":{\"@type\":\"ImageObject\",\"inLanguage\":\"fr-FR\",\"@id\":\"https:\\\/\\\/secure.gravatar.com\\\/avatar\\\/7c635994dda06c589226c6ff91a8b67d006bcc7c4217113bc1e34e35c8d6ef51?s=96&d=mm&r=g\",\"url\":\"https:\\\/\\\/secure.gravatar.com\\\/avatar\\\/7c635994dda06c589226c6ff91a8b67d006bcc7c4217113bc1e34e35c8d6ef51?s=96&d=mm&r=g\",\"contentUrl\":\"https:\\\/\\\/secure.gravatar.com\\\/avatar\\\/7c635994dda06c589226c6ff91a8b67d006bcc7c4217113bc1e34e35c8d6ef51?s=96&d=mm&r=g\",\"caption\":\"Jaime Lammerding\"},\"url\":\"https:\\\/\\\/www.csc-sask.ca\\\/fr\\\/author\\\/jaimecscs\\\/\"}]}<\/script>\n<!-- \/ Yoast SEO plugin. -->","yoast_head_json":{"title":"R\u00e9capitulatif des Jeux paralympiques de Paris - Canadian Sport Centre Saskatchewan","robots":{"index":"index","follow":"follow","max-snippet":"max-snippet:-1","max-image-preview":"max-image-preview:large","max-video-preview":"max-video-preview:-1"},"canonical":"https:\/\/www.csc-sask.ca\/fr\/recapitulatif-des-jeux-paralympiques-de-paris\/","og_locale":"fr_FR","og_type":"article","og_title":"R\u00e9capitulatif des Jeux paralympiques de Paris - Canadian Sport Centre Saskatchewan","og_description":"JOUR&nbsp;11&nbsp;\u2013 8&nbsp;SEPT.&nbsp;2024 Les Jeux paralympiques d\u2019\u00e9t\u00e9 de 2024 tirent \u00e0 leur fin Apr\u00e8s 11&nbsp;jours d\u2019action \u00e0 Paris, les Jeux paralympiques d\u2019\u00e9t\u00e9 de 2024 ont pris fin, et le Canada a remport\u00e9 un total de 29&nbsp;m\u00e9dailles (dix d\u2019or, neuf d\u2019argent et dix de bronze), huit m\u00e9dailles de plus qu\u2019\u00e0 Tokyo en 2020. La derni\u00e8re journ\u00e9e sur [&hellip;]","og_url":"https:\/\/www.csc-sask.ca\/fr\/recapitulatif-des-jeux-paralympiques-de-paris\/","og_site_name":"Canadian Sport Centre Saskatchewan","article_published_time":"2024-09-20T16:38:28+00:00","article_modified_time":"2025-02-27T16:39:35+00:00","og_image":[{"width":1200,"height":675,"url":"https:\/\/www.csc-sask.ca\/wp-content\/uploads\/2020\/01\/ogimagecscs.jpg","type":"image\/jpeg"}],"author":"Jaime Lammerding","twitter_card":"summary_large_image","twitter_misc":{"\u00c9crit par":"Jaime Lammerding","Dur\u00e9e de lecture estim\u00e9e":"26 minutes"},"schema":{"@context":"https:\/\/schema.org","@graph":[{"@type":"Article","@id":"https:\/\/www.csc-sask.ca\/fr\/recapitulatif-des-jeux-paralympiques-de-paris\/#article","isPartOf":{"@id":"https:\/\/www.csc-sask.ca\/fr\/recapitulatif-des-jeux-paralympiques-de-paris\/"},"author":{"name":"Jaime Lammerding","@id":"https:\/\/www.csc-sask.ca\/fr\/#\/schema\/person\/6bd5f36043a415e94e6b666809b484c3"},"headline":"R\u00e9capitulatif des Jeux paralympiques de Paris","datePublished":"2024-09-20T16:38:28+00:00","dateModified":"2025-02-27T16:39:35+00:00","mainEntityOfPage":{"@id":"https:\/\/www.csc-sask.ca\/fr\/recapitulatif-des-jeux-paralympiques-de-paris\/"},"wordCount":6498,"keywords":["Jeux paralympiques"],"articleSection":["R\u00e9sultats"],"inLanguage":"fr-FR"},{"@type":"WebPage","@id":"https:\/\/www.csc-sask.ca\/fr\/recapitulatif-des-jeux-paralympiques-de-paris\/","url":"https:\/\/www.csc-sask.ca\/fr\/recapitulatif-des-jeux-paralympiques-de-paris\/","name":"R\u00e9capitulatif des Jeux paralympiques de Paris - Canadian Sport Centre Saskatchewan","isPartOf":{"@id":"https:\/\/www.csc-sask.ca\/fr\/#website"},"datePublished":"2024-09-20T16:38:28+00:00","dateModified":"2025-02-27T16:39:35+00:00","author":{"@id":"https:\/\/www.csc-sask.ca\/fr\/#\/schema\/person\/6bd5f36043a415e94e6b666809b484c3"},"breadcrumb":{"@id":"https:\/\/www.csc-sask.ca\/fr\/recapitulatif-des-jeux-paralympiques-de-paris\/#breadcrumb"},"inLanguage":"fr-FR","potentialAction":[{"@type":"ReadAction","target":["https:\/\/www.csc-sask.ca\/fr\/recapitulatif-des-jeux-paralympiques-de-paris\/"]}]},{"@type":"BreadcrumbList","@id":"https:\/\/www.csc-sask.ca\/fr\/recapitulatif-des-jeux-paralympiques-de-paris\/#breadcrumb","itemListElement":[{"@type":"ListItem","position":1,"name":"Home","item":"https:\/\/www.csc-sask.ca\/fr\/"},{"@type":"ListItem","position":2,"name":"R\u00e9capitulatif des Jeux paralympiques de Paris"}]},{"@type":"WebSite","@id":"https:\/\/www.csc-sask.ca\/fr\/#website","url":"https:\/\/www.csc-sask.ca\/fr\/","name":"Canadian Sport Centre Saskatchewan","description":"","potentialAction":[{"@type":"SearchAction","target":{"@type":"EntryPoint","urlTemplate":"https:\/\/www.csc-sask.ca\/fr\/?s={search_term_string}"},"query-input":{"@type":"PropertyValueSpecification","valueRequired":true,"valueName":"search_term_string"}}],"inLanguage":"fr-FR"},{"@type":"Person","@id":"https:\/\/www.csc-sask.ca\/fr\/#\/schema\/person\/6bd5f36043a415e94e6b666809b484c3","name":"Jaime Lammerding","image":{"@type":"ImageObject","inLanguage":"fr-FR","@id":"https:\/\/secure.gravatar.com\/avatar\/7c635994dda06c589226c6ff91a8b67d006bcc7c4217113bc1e34e35c8d6ef51?s=96&d=mm&r=g","url":"https:\/\/secure.gravatar.com\/avatar\/7c635994dda06c589226c6ff91a8b67d006bcc7c4217113bc1e34e35c8d6ef51?s=96&d=mm&r=g","contentUrl":"https:\/\/secure.gravatar.com\/avatar\/7c635994dda06c589226c6ff91a8b67d006bcc7c4217113bc1e34e35c8d6ef51?s=96&d=mm&r=g","caption":"Jaime Lammerding"},"url":"https:\/\/www.csc-sask.ca\/fr\/author\/jaimecscs\/"}]}},"_links":{"self":[{"href":"https:\/\/www.csc-sask.ca\/fr\/wp-json\/wp\/v2\/posts\/5428","targetHints":{"allow":["GET"]}}],"collection":[{"href":"https:\/\/www.csc-sask.ca\/fr\/wp-json\/wp\/v2\/posts"}],"about":[{"href":"https:\/\/www.csc-sask.ca\/fr\/wp-json\/wp\/v2\/types\/post"}],"author":[{"embeddable":true,"href":"https:\/\/www.csc-sask.ca\/fr\/wp-json\/wp\/v2\/users\/3"}],"replies":[{"embeddable":true,"href":"https:\/\/www.csc-sask.ca\/fr\/wp-json\/wp\/v2\/comments?post=5428"}],"version-history":[{"count":1,"href":"https:\/\/www.csc-sask.ca\/fr\/wp-json\/wp\/v2\/posts\/5428\/revisions"}],"predecessor-version":[{"id":5429,"href":"https:\/\/www.csc-sask.ca\/fr\/wp-json\/wp\/v2\/posts\/5428\/revisions\/5429"}],"wp:attachment":[{"href":"https:\/\/www.csc-sask.ca\/fr\/wp-json\/wp\/v2\/media?parent=5428"}],"wp:term":[{"taxonomy":"category","embeddable":true,"href":"https:\/\/www.csc-sask.ca\/fr\/wp-json\/wp\/v2\/categories?post=5428"},{"taxonomy":"post_tag","embeddable":true,"href":"https:\/\/www.csc-sask.ca\/fr\/wp-json\/wp\/v2\/tags?post=5428"}],"curies":[{"name":"wp","href":"https:\/\/api.w.org\/{rel}","templated":true}]}}