{"id":5153,"date":"2024-07-05T15:57:04","date_gmt":"2024-07-05T21:57:04","guid":{"rendered":"https:\/\/www.csc-sask.ca\/?p=5153"},"modified":"2024-11-04T15:57:22","modified_gmt":"2024-11-04T21:57:22","slug":"resume-hebdomadaire-du-26-juin-au-2-juillet","status":"publish","type":"post","link":"https:\/\/www.csc-sask.ca\/fr\/resume-hebdomadaire-du-26-juin-au-2-juillet\/","title":{"rendered":"R\u00e9sum\u00e9 hebdomadaire du 26\u00a0juin au 2\u00a0juillet"},"content":{"rendered":"\n<p class=\"wp-block-paragraph\"><strong>De nombreux athl\u00e8tes de la Saskatchewan aux Essais d&rsquo;athl\u00e9tisme pr\u00e9sent\u00e9s par Bell<\/strong><\/p>\n\n\n\n<p class=\"wp-block-paragraph\">Les Essais d&rsquo;athl\u00e9tisme pr\u00e9sent\u00e9s par Bell ont mis en vedette les capacit\u00e9s athl\u00e9tiques de nombreux athl\u00e8tes de la Saskatchewan du 26 au 30&nbsp;juin \u00e0 Montr\u00e9al.<\/p>\n\n\n\n<p class=\"wp-block-paragraph\">Avec le club d\u2019athl\u00e9tisme de Saskatoon, Savannah Sutherland a termin\u00e9 en troisi\u00e8me place lors de l\u2019\u00e9preuve du 400&nbsp;m\u00e8tres f\u00e9minin avec un temps de 52,00&nbsp;secondes. Michelle Harrison a termin\u00e9 deuxi\u00e8me avec un temps de 12,99&nbsp;secondes pour le 100&nbsp;m haies f\u00e9minin. Jennifer Weber (lancer du poids f\u00e9minin s\u00e9nior), Michael Hussey (800&nbsp;m masculin pour les moins de 20&nbsp;ans) et Liam Oster (110 m haies masculin pour les moins de 20&nbsp;ans) ont termin\u00e9 en cinqui\u00e8me place.<\/p>\n\n\n\n<p class=\"wp-block-paragraph\">Ash Renneberg, des Huskies de l\u2019Universit\u00e9 de la Saskatchewan, a termin\u00e9 au premier rang dans le lancer de javelot paraambulatoire f\u00e9minin, avec une distance de 28,9&nbsp;m\u00e8tres.<\/p>\n\n\n\n<p class=\"wp-block-paragraph\">Membre de Cyclones Athletics, Ayva Delainey a termin\u00e9 troisi\u00e8me lors de la course en fauteuil roulant de 200&nbsp;m avec un temps de 49,43&nbsp;secondes. Maitlan Knoke a remport\u00e9 la premi\u00e8re place dans le lancer de disque en fauteuil roulant masculin avec 24,91&nbsp;m et le lancer du poids en fauteuil roulant masculin avec 10,08&nbsp;m, tout en terminant en troisi\u00e8me place dans le lancer de javelot en fauteuil roulant masculin avec une distance de 18,75&nbsp;m.<\/p>\n\n\n\n<p class=\"wp-block-paragraph\">Anicka Newell, qui a des liens avec Saskatoon, a termin\u00e9 au deuxi\u00e8me rang dans la cat\u00e9gorie du saut \u00e0 la perche f\u00e9minin s\u00e9nior, avec sa hauteur maximale atteignant 4,38&nbsp;m\u00e8tres.<\/p>\n\n\n\n<p class=\"wp-block-paragraph\">En fonction de leurs r\u00e9sultats, Harrison, Newell et Sutherland ont s\u00e9curis\u00e9 leur place aux Jeux olympiques&nbsp;2024, ayant \u00e9t\u00e9 annonc\u00e9s en tant que membres d\u2019\u00c9quipe Canada le 2&nbsp;juillet. Il s\u2019agit de la troisi\u00e8me participation olympique de Newell, tandis que Harrison et Sutherland y feront toutes deux leur d\u00e9but.<\/p>\n\n\n\n<p class=\"wp-block-paragraph\">Trouvez les r\u00e9sultats complets des Essais sur <a href=\"https:\/\/live.athletics.ca\/fr\/meets\/36627\/teams\">athletics.ca<\/a><\/p>\n\n\n\n<p class=\"wp-block-paragraph\"><strong>Shiyak et D\u2019Souza avec le Canada aux Championnats World Aquatics pour les moins de 16&nbsp;ans<\/strong><\/p>\n\n\n\n<p class=\"wp-block-paragraph\">Clara Milleker Shiyak de Regina s\u2019est jointe \u00e0 l\u2019\u00e9quipe canadienne de water-polo aux Championnats World Aquatics f\u00e9minins&nbsp;2024 pour les moins de 16&nbsp;ans qui a eu lieu du 28&nbsp;juin au 4&nbsp;juillet \u00e0 Manisa, en Turquie.<\/p>\n\n\n\n<p class=\"wp-block-paragraph\">Lors des pr\u00e9liminaires du groupe B, le Canada a domin\u00e9 le Zimbabwe avec un score de 13-0 avant de s\u2019incliner devant la Gr\u00e8ce avec un score de 22-3. Le Canada a affront\u00e9 la Croatie dans un match crois\u00e9 et a \u00e9t\u00e9 vaincu 11-7, mais a fait un retour dans les classifications avec une victoire de 8-6 contre l\u2019Afrique du Sud.<\/p>\n\n\n\n<p class=\"wp-block-paragraph\">Le Canada se pr\u00e9parera pour leur dernier match contre l\u2019Allemagne le 4&nbsp;juillet.<\/p>\n\n\n\n<p class=\"wp-block-paragraph\">Ethan D\u2019Souza, qui a \u00e9tudi\u00e9 \u00e0 l\u2019Universit\u00e9 de Regina, s\u2019est joint au Canada en tant que chef d\u2019\u00e9quipe.<\/p>\n\n\n\n<p class=\"wp-block-paragraph\"><strong>La patinoire McEwen accueille la pr\u00e9qualification Brier<\/strong><\/p>\n\n\n\n<p class=\"wp-block-paragraph\">L\u2019\u00e9quipe Mike McEwen de Saskatoon est l\u2019une des six \u00e9quipes \u2013 trois pour le Brier et trois pour le Tournoi des c\u0153urs Scotties \u2013 qui ont re\u00e7u une pr\u00e9qualification pour les comp\u00e9titions de 2025.<\/p>\n\n\n\n<p class=\"wp-block-paragraph\">McEwen a termin\u00e9 deuxi\u00e8me au Brier Montana\u2019s&nbsp;2024 \u00e0 Regina.<\/p>\n\n\n\n<p class=\"wp-block-paragraph\">C\u2019est la premi\u00e8re fois que les \u00e9quipes qui ne sont pas des champions en titre ont \u00e9t\u00e9 pr\u00e9s\u00e9lectionn\u00e9es pour une place dans leur Tournoi des c\u0153urs Scotties ou les comp\u00e9titions Brier.<\/p>\n\n\n\n<p class=\"wp-block-paragraph\">En avril 2023, Curling Canada <a href=\"https:\/\/www.curling.ca\/blog\/2023\/04\/17\/changements-de-format-confirmes\/?lang=fr\">a mis \u00e0 jour les m\u00e9thodes de pr\u00e9qualification<\/a> pour augmenter le nombre d\u2019\u00e9quipes pr\u00e9qualifi\u00e9es de deux \u00e0 trois en incluant les \u00e9quipes du Syst\u00e8me canadien de classement des \u00e9quipes.<\/p>\n\n\n\n<p class=\"wp-block-paragraph\"><strong>Chapman participe aux Championnats panam\u00e9ricains de lutte<\/strong><\/p>\n\n\n\n<p class=\"wp-block-paragraph\">Elizabeth Chapman, de Saskatoon, a particip\u00e9 aux Championnats panam\u00e9ricains de lutte pour les moins de 17&nbsp;ans \u00e0 Santo Domingo, en R\u00e9publique dominicaine, du 27 au 29&nbsp;juin.<\/p>\n\n\n\n<p class=\"wp-block-paragraph\">Chapman a termin\u00e9 en huiti\u00e8me place apr\u00e8s avoir \u00e9t\u00e9 vaincue 5-0 par Aneishka Santos Baez de Cuba dans les quarts de finale de cat\u00e9gorie des 49&nbsp;kilogrammes.<\/p>\n\n\n\n<p class=\"wp-block-paragraph\"><strong>Klimchuk et le Canada se pr\u00e9parent pour les Essais d\u2019\u00e9t\u00e9&nbsp;2024<\/strong><\/p>\n\n\n\n<p class=\"wp-block-paragraph\">Matthew Klimchuk de Regina a \u00e9t\u00e9 s\u00e9lectionn\u00e9 pour se joindre \u00e0 la liste de joueurs canadiens pour le prochain match des Essais de rugby d\u2019\u00e9t\u00e9 contre l\u2019\u00c9cosse et la Roumanie \u00e0 Ottawa.&nbsp;<\/p>\n\n\n\n<p class=\"wp-block-paragraph\">Klimchuk et les 33&nbsp;autres joueurs s\u00e9lectionn\u00e9s d\u2019\u00c9quipe Canada ont commenc\u00e9 leur parcours vers la qualification pour la Coupe du monde de rugby.<\/p>\n","protected":false},"excerpt":{"rendered":"<p>De nombreux athl\u00e8tes de la Saskatchewan aux Essais d&rsquo;athl\u00e9tisme pr\u00e9sent\u00e9s par Bell Les Essais d&rsquo;athl\u00e9tisme pr\u00e9sent\u00e9s par Bell ont mis en vedette les capacit\u00e9s athl\u00e9tiques de nombreux athl\u00e8tes de la Saskatchewan du 26 au 30&nbsp;juin \u00e0 Montr\u00e9al. Avec le club d\u2019athl\u00e9tisme de Saskatoon, Savannah Sutherland a termin\u00e9 en troisi\u00e8me place lors de l\u2019\u00e9preuve du 400&nbsp;m\u00e8tres [&hellip;]<\/p>\n","protected":false},"author":3,"featured_media":4780,"comment_status":"closed","ping_status":"open","sticky":false,"template":"","format":"standard","meta":{"_acf_changed":false,"footnotes":""},"categories":[3,516],"tags":[],"class_list":["post-5153","post","type-post","status-publish","format-standard","has-post-thumbnail","hentry","category-non-classifiee","category-resume-hebdomadaire"],"acf":[],"yoast_head":"<!-- This site is optimized with the Yoast SEO plugin v28.4 - https:\/\/yoast.com\/product\/yoast-seo-wordpress\/ -->\n<title>R\u00e9sum\u00e9 hebdomadaire du 26\u00a0juin au 2\u00a0juillet - Canadian Sport Centre Saskatchewan<\/title>\n<meta name=\"robots\" content=\"index, follow, max-snippet:-1, max-image-preview:large, max-video-preview:-1\" \/>\n<link rel=\"canonical\" href=\"https:\/\/www.csc-sask.sasksport.ca\/weekly-roundup-june-26-july-2\/\" \/>\n<meta property=\"og:locale\" content=\"fr_FR\" \/>\n<meta property=\"og:type\" content=\"article\" \/>\n<meta property=\"og:title\" content=\"R\u00e9sum\u00e9 hebdomadaire du 26\u00a0juin au 2\u00a0juillet - Canadian Sport Centre Saskatchewan\" \/>\n<meta property=\"og:description\" content=\"De nombreux athl\u00e8tes de la Saskatchewan aux Essais d&rsquo;athl\u00e9tisme pr\u00e9sent\u00e9s par Bell Les Essais d&rsquo;athl\u00e9tisme pr\u00e9sent\u00e9s par Bell ont mis en vedette les capacit\u00e9s athl\u00e9tiques de nombreux athl\u00e8tes de la Saskatchewan du 26 au 30&nbsp;juin \u00e0 Montr\u00e9al. Avec le club d\u2019athl\u00e9tisme de Saskatoon, Savannah Sutherland a termin\u00e9 en troisi\u00e8me place lors de l\u2019\u00e9preuve du 400&nbsp;m\u00e8tres [&hellip;]\" \/>\n<meta property=\"og:url\" content=\"https:\/\/www.csc-sask.sasksport.ca\/weekly-roundup-june-26-july-2\/\" \/>\n<meta property=\"og:site_name\" content=\"Canadian Sport Centre Saskatchewan\" \/>\n<meta property=\"article:published_time\" content=\"2024-07-05T21:57:04+00:00\" \/>\n<meta property=\"article:modified_time\" content=\"2024-11-04T21:57:22+00:00\" \/>\n<meta property=\"og:image\" content=\"https:\/\/www.csc-sask.ca\/wp-content\/uploads\/2024\/07\/Weekly-Roundup-Facebook-Web-4.png\" \/>\n\t<meta property=\"og:image:width\" content=\"1200\" \/>\n\t<meta property=\"og:image:height\" content=\"628\" \/>\n\t<meta property=\"og:image:type\" content=\"image\/png\" \/>\n<meta name=\"author\" content=\"Jaime Lammerding\" \/>\n<meta name=\"twitter:card\" content=\"summary_large_image\" \/>\n<meta name=\"twitter:label1\" content=\"\u00c9crit par\" \/>\n\t<meta name=\"twitter:data1\" content=\"Jaime Lammerding\" \/>\n\t<meta name=\"twitter:label2\" content=\"Dur\u00e9e de lecture estim\u00e9e\" \/>\n\t<meta name=\"twitter:data2\" content=\"4 minutes\" \/>\n<script type=\"application\/ld+json\" class=\"yoast-schema-graph\">{\"@context\":\"https:\\\/\\\/schema.org\",\"@graph\":[{\"@type\":\"Article\",\"@id\":\"https:\\\/\\\/www.csc-sask.sasksport.ca\\\/weekly-roundup-june-26-july-2\\\/#article\",\"isPartOf\":{\"@id\":\"https:\\\/\\\/www.csc-sask.sasksport.ca\\\/weekly-roundup-june-26-july-2\\\/\"},\"author\":{\"name\":\"Jaime Lammerding\",\"@id\":\"https:\\\/\\\/www.csc-sask.ca\\\/fr\\\/#\\\/schema\\\/person\\\/6bd5f36043a415e94e6b666809b484c3\"},\"headline\":\"R\u00e9sum\u00e9 hebdomadaire du 26\u00a0juin au 2\u00a0juillet\",\"datePublished\":\"2024-07-05T21:57:04+00:00\",\"dateModified\":\"2024-11-04T21:57:22+00:00\",\"mainEntityOfPage\":{\"@id\":\"https:\\\/\\\/www.csc-sask.sasksport.ca\\\/weekly-roundup-june-26-july-2\\\/\"},\"wordCount\":781,\"image\":{\"@id\":\"https:\\\/\\\/www.csc-sask.sasksport.ca\\\/weekly-roundup-june-26-july-2\\\/#primaryimage\"},\"thumbnailUrl\":\"https:\\\/\\\/www.csc-sask.ca\\\/wp-content\\\/uploads\\\/2024\\\/07\\\/Weekly-Roundup-Facebook-Web-4.png\",\"articleSection\":[\"Non classifi\u00e9(e)\",\"R\u00e9sum\u00e9 hebdomadaire\"],\"inLanguage\":\"fr-FR\"},{\"@type\":\"WebPage\",\"@id\":\"https:\\\/\\\/www.csc-sask.sasksport.ca\\\/weekly-roundup-june-26-july-2\\\/\",\"url\":\"https:\\\/\\\/www.csc-sask.sasksport.ca\\\/weekly-roundup-june-26-july-2\\\/\",\"name\":\"R\u00e9sum\u00e9 hebdomadaire du 26\u00a0juin au 2\u00a0juillet - Canadian Sport Centre Saskatchewan\",\"isPartOf\":{\"@id\":\"https:\\\/\\\/www.csc-sask.ca\\\/fr\\\/#website\"},\"primaryImageOfPage\":{\"@id\":\"https:\\\/\\\/www.csc-sask.sasksport.ca\\\/weekly-roundup-june-26-july-2\\\/#primaryimage\"},\"image\":{\"@id\":\"https:\\\/\\\/www.csc-sask.sasksport.ca\\\/weekly-roundup-june-26-july-2\\\/#primaryimage\"},\"thumbnailUrl\":\"https:\\\/\\\/www.csc-sask.ca\\\/wp-content\\\/uploads\\\/2024\\\/07\\\/Weekly-Roundup-Facebook-Web-4.png\",\"datePublished\":\"2024-07-05T21:57:04+00:00\",\"dateModified\":\"2024-11-04T21:57:22+00:00\",\"author\":{\"@id\":\"https:\\\/\\\/www.csc-sask.ca\\\/fr\\\/#\\\/schema\\\/person\\\/6bd5f36043a415e94e6b666809b484c3\"},\"breadcrumb\":{\"@id\":\"https:\\\/\\\/www.csc-sask.sasksport.ca\\\/weekly-roundup-june-26-july-2\\\/#breadcrumb\"},\"inLanguage\":\"fr-FR\",\"potentialAction\":[{\"@type\":\"ReadAction\",\"target\":[\"https:\\\/\\\/www.csc-sask.sasksport.ca\\\/weekly-roundup-june-26-july-2\\\/\"]}]},{\"@type\":\"ImageObject\",\"inLanguage\":\"fr-FR\",\"@id\":\"https:\\\/\\\/www.csc-sask.sasksport.ca\\\/weekly-roundup-june-26-july-2\\\/#primaryimage\",\"url\":\"https:\\\/\\\/www.csc-sask.ca\\\/wp-content\\\/uploads\\\/2024\\\/07\\\/Weekly-Roundup-Facebook-Web-4.png\",\"contentUrl\":\"https:\\\/\\\/www.csc-sask.ca\\\/wp-content\\\/uploads\\\/2024\\\/07\\\/Weekly-Roundup-Facebook-Web-4.png\",\"width\":1200,\"height\":628},{\"@type\":\"BreadcrumbList\",\"@id\":\"https:\\\/\\\/www.csc-sask.sasksport.ca\\\/weekly-roundup-june-26-july-2\\\/#breadcrumb\",\"itemListElement\":[{\"@type\":\"ListItem\",\"position\":1,\"name\":\"Home\",\"item\":\"https:\\\/\\\/www.csc-sask.ca\\\/fr\\\/\"},{\"@type\":\"ListItem\",\"position\":2,\"name\":\"R\u00e9sum\u00e9 hebdomadaire du 26\u00a0juin au 2\u00a0juillet\"}]},{\"@type\":\"WebSite\",\"@id\":\"https:\\\/\\\/www.csc-sask.ca\\\/fr\\\/#website\",\"url\":\"https:\\\/\\\/www.csc-sask.ca\\\/fr\\\/\",\"name\":\"Canadian Sport Centre Saskatchewan\",\"description\":\"\",\"potentialAction\":[{\"@type\":\"SearchAction\",\"target\":{\"@type\":\"EntryPoint\",\"urlTemplate\":\"https:\\\/\\\/www.csc-sask.ca\\\/fr\\\/?s={search_term_string}\"},\"query-input\":{\"@type\":\"PropertyValueSpecification\",\"valueRequired\":true,\"valueName\":\"search_term_string\"}}],\"inLanguage\":\"fr-FR\"},{\"@type\":\"Person\",\"@id\":\"https:\\\/\\\/www.csc-sask.ca\\\/fr\\\/#\\\/schema\\\/person\\\/6bd5f36043a415e94e6b666809b484c3\",\"name\":\"Jaime Lammerding\",\"image\":{\"@type\":\"ImageObject\",\"inLanguage\":\"fr-FR\",\"@id\":\"https:\\\/\\\/secure.gravatar.com\\\/avatar\\\/7c635994dda06c589226c6ff91a8b67d006bcc7c4217113bc1e34e35c8d6ef51?s=96&d=mm&r=g\",\"url\":\"https:\\\/\\\/secure.gravatar.com\\\/avatar\\\/7c635994dda06c589226c6ff91a8b67d006bcc7c4217113bc1e34e35c8d6ef51?s=96&d=mm&r=g\",\"contentUrl\":\"https:\\\/\\\/secure.gravatar.com\\\/avatar\\\/7c635994dda06c589226c6ff91a8b67d006bcc7c4217113bc1e34e35c8d6ef51?s=96&d=mm&r=g\",\"caption\":\"Jaime Lammerding\"},\"url\":\"https:\\\/\\\/www.csc-sask.ca\\\/fr\\\/author\\\/jaimecscs\\\/\"}]}<\/script>\n<!-- \/ Yoast SEO plugin. -->","yoast_head_json":{"title":"R\u00e9sum\u00e9 hebdomadaire du 26\u00a0juin au 2\u00a0juillet - Canadian Sport Centre Saskatchewan","robots":{"index":"index","follow":"follow","max-snippet":"max-snippet:-1","max-image-preview":"max-image-preview:large","max-video-preview":"max-video-preview:-1"},"canonical":"https:\/\/www.csc-sask.sasksport.ca\/weekly-roundup-june-26-july-2\/","og_locale":"fr_FR","og_type":"article","og_title":"R\u00e9sum\u00e9 hebdomadaire du 26\u00a0juin au 2\u00a0juillet - Canadian Sport Centre Saskatchewan","og_description":"De nombreux athl\u00e8tes de la Saskatchewan aux Essais d&rsquo;athl\u00e9tisme pr\u00e9sent\u00e9s par Bell Les Essais d&rsquo;athl\u00e9tisme pr\u00e9sent\u00e9s par Bell ont mis en vedette les capacit\u00e9s athl\u00e9tiques de nombreux athl\u00e8tes de la Saskatchewan du 26 au 30&nbsp;juin \u00e0 Montr\u00e9al. Avec le club d\u2019athl\u00e9tisme de Saskatoon, Savannah Sutherland a termin\u00e9 en troisi\u00e8me place lors de l\u2019\u00e9preuve du 400&nbsp;m\u00e8tres [&hellip;]","og_url":"https:\/\/www.csc-sask.sasksport.ca\/weekly-roundup-june-26-july-2\/","og_site_name":"Canadian Sport Centre Saskatchewan","article_published_time":"2024-07-05T21:57:04+00:00","article_modified_time":"2024-11-04T21:57:22+00:00","og_image":[{"width":1200,"height":628,"url":"https:\/\/www.csc-sask.ca\/wp-content\/uploads\/2024\/07\/Weekly-Roundup-Facebook-Web-4.png","type":"image\/png"}],"author":"Jaime Lammerding","twitter_card":"summary_large_image","twitter_misc":{"\u00c9crit par":"Jaime Lammerding","Dur\u00e9e de lecture estim\u00e9e":"4 minutes"},"schema":{"@context":"https:\/\/schema.org","@graph":[{"@type":"Article","@id":"https:\/\/www.csc-sask.sasksport.ca\/weekly-roundup-june-26-july-2\/#article","isPartOf":{"@id":"https:\/\/www.csc-sask.sasksport.ca\/weekly-roundup-june-26-july-2\/"},"author":{"name":"Jaime Lammerding","@id":"https:\/\/www.csc-sask.ca\/fr\/#\/schema\/person\/6bd5f36043a415e94e6b666809b484c3"},"headline":"R\u00e9sum\u00e9 hebdomadaire du 26\u00a0juin au 2\u00a0juillet","datePublished":"2024-07-05T21:57:04+00:00","dateModified":"2024-11-04T21:57:22+00:00","mainEntityOfPage":{"@id":"https:\/\/www.csc-sask.sasksport.ca\/weekly-roundup-june-26-july-2\/"},"wordCount":781,"image":{"@id":"https:\/\/www.csc-sask.sasksport.ca\/weekly-roundup-june-26-july-2\/#primaryimage"},"thumbnailUrl":"https:\/\/www.csc-sask.ca\/wp-content\/uploads\/2024\/07\/Weekly-Roundup-Facebook-Web-4.png","articleSection":["Non classifi\u00e9(e)","R\u00e9sum\u00e9 hebdomadaire"],"inLanguage":"fr-FR"},{"@type":"WebPage","@id":"https:\/\/www.csc-sask.sasksport.ca\/weekly-roundup-june-26-july-2\/","url":"https:\/\/www.csc-sask.sasksport.ca\/weekly-roundup-june-26-july-2\/","name":"R\u00e9sum\u00e9 hebdomadaire du 26\u00a0juin au 2\u00a0juillet - Canadian Sport Centre Saskatchewan","isPartOf":{"@id":"https:\/\/www.csc-sask.ca\/fr\/#website"},"primaryImageOfPage":{"@id":"https:\/\/www.csc-sask.sasksport.ca\/weekly-roundup-june-26-july-2\/#primaryimage"},"image":{"@id":"https:\/\/www.csc-sask.sasksport.ca\/weekly-roundup-june-26-july-2\/#primaryimage"},"thumbnailUrl":"https:\/\/www.csc-sask.ca\/wp-content\/uploads\/2024\/07\/Weekly-Roundup-Facebook-Web-4.png","datePublished":"2024-07-05T21:57:04+00:00","dateModified":"2024-11-04T21:57:22+00:00","author":{"@id":"https:\/\/www.csc-sask.ca\/fr\/#\/schema\/person\/6bd5f36043a415e94e6b666809b484c3"},"breadcrumb":{"@id":"https:\/\/www.csc-sask.sasksport.ca\/weekly-roundup-june-26-july-2\/#breadcrumb"},"inLanguage":"fr-FR","potentialAction":[{"@type":"ReadAction","target":["https:\/\/www.csc-sask.sasksport.ca\/weekly-roundup-june-26-july-2\/"]}]},{"@type":"ImageObject","inLanguage":"fr-FR","@id":"https:\/\/www.csc-sask.sasksport.ca\/weekly-roundup-june-26-july-2\/#primaryimage","url":"https:\/\/www.csc-sask.ca\/wp-content\/uploads\/2024\/07\/Weekly-Roundup-Facebook-Web-4.png","contentUrl":"https:\/\/www.csc-sask.ca\/wp-content\/uploads\/2024\/07\/Weekly-Roundup-Facebook-Web-4.png","width":1200,"height":628},{"@type":"BreadcrumbList","@id":"https:\/\/www.csc-sask.sasksport.ca\/weekly-roundup-june-26-july-2\/#breadcrumb","itemListElement":[{"@type":"ListItem","position":1,"name":"Home","item":"https:\/\/www.csc-sask.ca\/fr\/"},{"@type":"ListItem","position":2,"name":"R\u00e9sum\u00e9 hebdomadaire du 26\u00a0juin au 2\u00a0juillet"}]},{"@type":"WebSite","@id":"https:\/\/www.csc-sask.ca\/fr\/#website","url":"https:\/\/www.csc-sask.ca\/fr\/","name":"Canadian Sport Centre Saskatchewan","description":"","potentialAction":[{"@type":"SearchAction","target":{"@type":"EntryPoint","urlTemplate":"https:\/\/www.csc-sask.ca\/fr\/?s={search_term_string}"},"query-input":{"@type":"PropertyValueSpecification","valueRequired":true,"valueName":"search_term_string"}}],"inLanguage":"fr-FR"},{"@type":"Person","@id":"https:\/\/www.csc-sask.ca\/fr\/#\/schema\/person\/6bd5f36043a415e94e6b666809b484c3","name":"Jaime Lammerding","image":{"@type":"ImageObject","inLanguage":"fr-FR","@id":"https:\/\/secure.gravatar.com\/avatar\/7c635994dda06c589226c6ff91a8b67d006bcc7c4217113bc1e34e35c8d6ef51?s=96&d=mm&r=g","url":"https:\/\/secure.gravatar.com\/avatar\/7c635994dda06c589226c6ff91a8b67d006bcc7c4217113bc1e34e35c8d6ef51?s=96&d=mm&r=g","contentUrl":"https:\/\/secure.gravatar.com\/avatar\/7c635994dda06c589226c6ff91a8b67d006bcc7c4217113bc1e34e35c8d6ef51?s=96&d=mm&r=g","caption":"Jaime Lammerding"},"url":"https:\/\/www.csc-sask.ca\/fr\/author\/jaimecscs\/"}]}},"_links":{"self":[{"href":"https:\/\/www.csc-sask.ca\/fr\/wp-json\/wp\/v2\/posts\/5153","targetHints":{"allow":["GET"]}}],"collection":[{"href":"https:\/\/www.csc-sask.ca\/fr\/wp-json\/wp\/v2\/posts"}],"about":[{"href":"https:\/\/www.csc-sask.ca\/fr\/wp-json\/wp\/v2\/types\/post"}],"author":[{"embeddable":true,"href":"https:\/\/www.csc-sask.ca\/fr\/wp-json\/wp\/v2\/users\/3"}],"replies":[{"embeddable":true,"href":"https:\/\/www.csc-sask.ca\/fr\/wp-json\/wp\/v2\/comments?post=5153"}],"version-history":[{"count":1,"href":"https:\/\/www.csc-sask.ca\/fr\/wp-json\/wp\/v2\/posts\/5153\/revisions"}],"predecessor-version":[{"id":5154,"href":"https:\/\/www.csc-sask.ca\/fr\/wp-json\/wp\/v2\/posts\/5153\/revisions\/5154"}],"wp:featuredmedia":[{"embeddable":true,"href":"https:\/\/www.csc-sask.ca\/fr\/wp-json\/wp\/v2\/media\/4780"}],"wp:attachment":[{"href":"https:\/\/www.csc-sask.ca\/fr\/wp-json\/wp\/v2\/media?parent=5153"}],"wp:term":[{"taxonomy":"category","embeddable":true,"href":"https:\/\/www.csc-sask.ca\/fr\/wp-json\/wp\/v2\/categories?post=5153"},{"taxonomy":"post_tag","embeddable":true,"href":"https:\/\/www.csc-sask.ca\/fr\/wp-json\/wp\/v2\/tags?post=5153"}],"curies":[{"name":"wp","href":"https:\/\/api.w.org\/{rel}","templated":true}]}}