{"id":2220,"date":"2021-05-22T09:22:00","date_gmt":"2021-05-22T15:22:00","guid":{"rendered":"https:\/\/www.csc-sask.ca\/?p=2220"},"modified":"2021-11-09T09:23:25","modified_gmt":"2021-11-09T15:23:25","slug":"resume-hebdomadaire-du-12-au-18-mai","status":"publish","type":"post","link":"https:\/\/www.csc-sask.ca\/fr\/resume-hebdomadaire-du-12-au-18-mai\/","title":{"rendered":"R\u00c9SUM\u00c9 HEBDOMADAIRE DU 12 AU 18 MAI"},"content":{"rendered":"\n<p class=\"wp-block-paragraph\"><strong>Thibeault d\u00e9croche une place pour Tokyo<\/strong><\/p>\n\n\n\n<p class=\"wp-block-paragraph\">La boxeuse Tammara&nbsp;Thibeault, originaire de Regina, a \u00e9t\u00e9 nomm\u00e9e dans l\u2019\u00e9quipe de boxe dans la cat\u00e9gorie des 75&nbsp;kilogrammes pour les Jeux olympiques de Tokyo.<\/p>\n\n\n\n<p class=\"wp-block-paragraph\">Int\u00e9grer Tweet<\/p>\n\n\n\n<p class=\"wp-block-paragraph\">Ce sera la premi\u00e8re fois qu\u2019elle participe aux Jeux, apr\u00e8s avoir remport\u00e9 une m\u00e9daille d\u2019argent aux Jeux panam\u00e9ricains de&nbsp;2019.<\/p>\n\n\n\n<p class=\"wp-block-paragraph\"><strong>Les groupes de basketball en fauteuil roulant ont \u00e9t\u00e9 annonc\u00e9s pour les Jeux paralympiques<\/strong><\/p>\n\n\n\n<p class=\"wp-block-paragraph\">La F\u00e9d\u00e9ration internationale de basketball en fauteuil roulant a annonc\u00e9 les groupes de comp\u00e9tition pour les Jeux paralympiques de Tokyo lors des s\u00e9lections officielles.<\/p>\n\n\n\n<p class=\"wp-block-paragraph\">Int\u00e9grer Tweet<\/p>\n\n\n\n<p class=\"wp-block-paragraph\">L\u2019\u00e9quipe nationale senior masculine du Canada fera partie du groupe&nbsp;A et affrontera la Cor\u00e9e, l\u2019Espagne, la Turquie, la Colombie et le Japon (h\u00f4te des Jeux). Les \u00c9tats-Unis, la Grande-Bretagne, l\u2019Australie, l\u2019Alg\u00e9rie, l\u2019Allemagne et l\u2019Iran se trouvent dans le groupe&nbsp;B.<\/p>\n\n\n\n<p class=\"wp-block-paragraph\">L\u2019\u00e9quipe nationale senior f\u00e9minine a \u00e9galement \u00e9t\u00e9 int\u00e9gr\u00e9e au groupe&nbsp;A avec l\u2019Australie, la Grande-Bretagne, l\u2019Allemagne et le Japon. Les \u00c9tats-Unis, l\u2019Alg\u00e9rie, les Pays-Bas, la Chine et l\u2019Espagne font partie du groupe&nbsp;B.<\/p>\n\n\n\n<p class=\"wp-block-paragraph\">Les espoirs paralympiques de la Saskatchewan Erica&nbsp;Gavel et Nik&nbsp;Goncin attendront l\u2019annonce officielle de la formation du Canada pour les Jeux du 25&nbsp;ao\u00fbt au 5&nbsp;septembre. Gavel et Goncin ont tous deux aid\u00e9 le Canada \u00e0 obtenir des places aux Jeux paralympiques avec des m\u00e9dailles d\u2019or et d\u2019argent aux Jeux parapanam\u00e9ricains en&nbsp;2019.<\/p>\n\n\n\n<p class=\"wp-block-paragraph\">Le calendrier des comp\u00e9titions sera annonc\u00e9 \u00e0 une date ult\u00e9rieure.<\/p>\n\n\n\n<p class=\"wp-block-paragraph\">Visitez le site wheelchairbasketball.ca pour obtenir de plus amples renseignements.<\/p>\n\n\n\n<p class=\"wp-block-paragraph\"><strong>Dornstauder est invit\u00e9 au camp d\u2019entra\u00eenement<\/strong><\/p>\n\n\n\n<p class=\"wp-block-paragraph\">Quinn&nbsp;Dornstauder de Regina est l\u2019une des 20&nbsp;athl\u00e8tes invit\u00e9es par Basketball&nbsp;Canada pour participer \u00e0 un camp d\u2019entra\u00eenement de l\u2019\u00e9quipe nationale senior f\u00e9minine en pr\u00e9vision du Championnat des Am\u00e9riques de la FIBA en juin.<\/p>\n\n\n\n<p class=\"wp-block-paragraph\">\u00ab&nbsp;Le Championnat des Am\u00e9riques de la FIBA, qui se tiendra le mois prochain, est une \u00e9tape importante de notre pr\u00e9paration et une occasion d\u2019\u00e9valuation essentielle en vue des Jeux olympiques de Tokyo&nbsp;2020.&nbsp;\u00bb a d\u00e9clar\u00e9 Lisa&nbsp;Thomaidis, entra\u00eeneuse-chef de l\u2019\u00e9quipe nationale senior, lors de l\u2019annonce de Basketball&nbsp;Canada. \u00ab&nbsp;Apr\u00e8s \u00eatre demeur\u00e9s en contact virtuellement au cours des 14&nbsp;derniers mois, les membres de l\u2019\u00e9quipe ont vraiment h\u00e2te de jouer sur le terrain \u00e0 nouveau et de tirer profit de l\u2019\u00e9lan positif qui a suivi le tournoi f\u00e9minin de qualifications olympique de la FIBA en f\u00e9vrier dernier.&nbsp;\u00bb<\/p>\n\n\n\n<p class=\"wp-block-paragraph\">Le camp d\u2019entra\u00eenement aura lieu du 20&nbsp;mai au 4&nbsp;juin \u00e0 Tampa, en Floride. Le Championnat des Am\u00e9riques f\u00e9minin de la FIBA aura lieu du&nbsp;11 au 19&nbsp;juin \u00e0 San&nbsp;Juan \u00e0 Porto&nbsp;Rico.<\/p>\n\n\n\n<p class=\"wp-block-paragraph\">Consultez la liste compl\u00e8te des invit\u00e9s et apprenez-en davantage sur le camp d\u2019entra\u00eenement \u00e0 l\u2019adresse basketball.ca.<\/p>\n\n\n\n<p class=\"wp-block-paragraph\"><strong>Le consortium canadien des m\u00e9dias paralympiques offre une couverture \u00e9tendue pour les Jeux<\/strong><\/p>\n\n\n\n<p class=\"wp-block-paragraph\"><strong>Ottawa \u2013 <\/strong>\u00c0 100&nbsp;jours du d\u00e9but des Jeux paralympiques de Tokyo&nbsp;2020, le Comit\u00e9 paralympique canadien et ses partenaires sportifs, commerciaux et des m\u00e9dias (y compris le diffuseur principal CBC\/Radio-Canada) suivent le compte \u00e0 rebours avant le premier jour des Jeux et pr\u00e9parent la diffusion \u00e0 couverture \u00e9tendue et num\u00e9rique qui permettra aux Canadiens de partout au pays de suivre l\u2019action qui se d\u00e9roulera \u00e0 Tokyo.\u202f&nbsp;<\/p>\n\n\n\n<p class=\"wp-block-paragraph\">\u00ab&nbsp;Le compte \u00e0 rebours de 100&nbsp;jours est commenc\u00e9 et nous avons h\u00e2te d\u2019annoncer nos \u00e9quipes sportives qui participeront \u00e0 Tokyo et de f\u00e9liciter chaque athl\u00e8te&nbsp;\u00bb, a d\u00e9clar\u00e9 Stephanie&nbsp;Dixon, chef de mission de l\u2019\u00e9quipe paralympique canadienne de Tokyo&nbsp;2020. \u00ab&nbsp;Ces Jeux seront grandioses et m\u00e9morables pour nos athl\u00e8tes qui ont tous travaill\u00e9 si fort dans ces moments difficiles afin d\u2019arriver jusque-l\u00e0. Leur r\u00e9silience, leur courage et leur d\u00e9termination seront perceptibles dans leurs performances.&nbsp;\u00bb&nbsp;<\/p>\n\n\n\n<p class=\"wp-block-paragraph\">Le consortium canadien des m\u00e9dias paralympiques sera le diffuseur officiel de Tokyo&nbsp;2020 pour les quatri\u00e8mes Jeux paralympiques cons\u00e9cutifs. Dirig\u00e9s par le CPC, les partenaires du consortium comprennent CBC\/radio-Canada, AMI, Sportsnet, Facebook, Twitter et MXZN.&nbsp;&nbsp;<\/p>\n\n\n\n<p class=\"wp-block-paragraph\">CBC\/radio-Canada, diffuseur principal des Jeux paralympiques au Canada, pr\u00e9sentera plus de 120&nbsp;heures de contenu original \u00e0 la t\u00e9l\u00e9vision. Cela marquera le plus grand nombre d\u2019heures de t\u00e9l\u00e9vision pour les Jeux paralympiques de l\u2019histoire du Canada.\u202f&nbsp;<\/p>\n\n\n\n<p class=\"wp-block-paragraph\">Apprenez-en plus sur le site Paralympique.ca<\/p>\n\n\n\n<p class=\"wp-block-paragraph\"><strong>Clark est nomm\u00e9 \u00e0 la formation de centralisation<\/strong><strong><\/strong><\/p>\n\n\n\n<p class=\"wp-block-paragraph\">Emily&nbsp;Clark de Saskatoon est une des joueuses de l\u2019\u00e9quipe nationale de hockey f\u00e9minin qui a \u00e9t\u00e9 invit\u00e9e \u00e0 la centralisation pour la saison&nbsp;2021 \u00e0&nbsp;2022 avant les Jeux olympiques d\u2019hiver de&nbsp;2022 \u00e0 Beijing.<\/p>\n\n\n\n<p class=\"wp-block-paragraph\">La centralisation devrait avoir lieu \u00e0 la fin de juillet. Les joueurs et le personnel seront relocalis\u00e9s \u00e0 Calgary en pr\u00e9paration pour le Championnat mondial f\u00e9minin de l\u2019IIHF&nbsp;2021 qui se tiendra du&nbsp;20 au 31&nbsp;ao\u00fbt, dans un lieu \u00e0 d\u00e9terminer.<\/p>\n\n\n\n<p class=\"wp-block-paragraph\">La liste finale des 23&nbsp;joueurs pour les Jeux olympiques d\u2019hiver de&nbsp;2022 du Canada pourrait \u00eatre d\u00e9voil\u00e9e \u00e0 la fin du mois de d\u00e9cembre.<\/p>\n\n\n\n<p class=\"wp-block-paragraph\">Apprenez-en plus et d\u00e9couvrez la formation de centralisation compl\u00e8te sur le site hockeycanada.ca.<\/p>\n","protected":false},"excerpt":{"rendered":"<p>Thibeault d\u00e9croche une place pour Tokyo La boxeuse Tammara&nbsp;Thibeault, originaire de Regina, a \u00e9t\u00e9 nomm\u00e9e dans l\u2019\u00e9quipe de boxe dans la cat\u00e9gorie des 75&nbsp;kilogrammes pour les Jeux olympiques de Tokyo. Int\u00e9grer Tweet Ce sera la premi\u00e8re fois qu\u2019elle participe aux Jeux, apr\u00e8s avoir remport\u00e9 une m\u00e9daille d\u2019argent aux Jeux panam\u00e9ricains de&nbsp;2019. Les groupes de basketball [&hellip;]<\/p>\n","protected":false},"author":3,"featured_media":1883,"comment_status":"closed","ping_status":"open","sticky":false,"template":"","format":"standard","meta":{"_acf_changed":false,"footnotes":""},"categories":[3],"tags":[253,72,93,262],"class_list":["post-2220","post","type-post","status-publish","format-standard","has-post-thumbnail","hentry","category-non-classifiee","tag-emily-clark-2","tag-jeux-olympiques","tag-quinn-dornstauder-2","tag-tammara-thibeault-2"],"acf":[],"yoast_head":"<!-- This site is optimized with the Yoast SEO plugin v28.4 - https:\/\/yoast.com\/product\/yoast-seo-wordpress\/ -->\n<title>R\u00c9SUM\u00c9 HEBDOMADAIRE DU 12 AU 18 MAI - Canadian Sport Centre Saskatchewan<\/title>\n<meta name=\"robots\" content=\"index, follow, max-snippet:-1, max-image-preview:large, max-video-preview:-1\" \/>\n<link rel=\"canonical\" href=\"https:\/\/www.csc-sask.ca\/weekly-roundup-may-12-18\/\" \/>\n<meta property=\"og:locale\" content=\"fr_FR\" \/>\n<meta property=\"og:type\" content=\"article\" \/>\n<meta property=\"og:title\" content=\"R\u00c9SUM\u00c9 HEBDOMADAIRE DU 12 AU 18 MAI - Canadian Sport Centre Saskatchewan\" \/>\n<meta property=\"og:description\" content=\"Thibeault d\u00e9croche une place pour Tokyo La boxeuse Tammara&nbsp;Thibeault, originaire de Regina, a \u00e9t\u00e9 nomm\u00e9e dans l\u2019\u00e9quipe de boxe dans la cat\u00e9gorie des 75&nbsp;kilogrammes pour les Jeux olympiques de Tokyo. Int\u00e9grer Tweet Ce sera la premi\u00e8re fois qu\u2019elle participe aux Jeux, apr\u00e8s avoir remport\u00e9 une m\u00e9daille d\u2019argent aux Jeux panam\u00e9ricains de&nbsp;2019. Les groupes de basketball [&hellip;]\" \/>\n<meta property=\"og:url\" content=\"https:\/\/www.csc-sask.ca\/weekly-roundup-may-12-18\/\" \/>\n<meta property=\"og:site_name\" content=\"Canadian Sport Centre Saskatchewan\" \/>\n<meta property=\"article:published_time\" content=\"2021-05-22T15:22:00+00:00\" \/>\n<meta property=\"article:modified_time\" content=\"2021-11-09T15:23:25+00:00\" \/>\n<meta property=\"og:image\" content=\"https:\/\/www.csc-sask.ca\/wp-content\/uploads\/2021\/04\/210329-CSCS-Round-Up-Post-1.jpg\" \/>\n\t<meta property=\"og:image:width\" content=\"2000\" \/>\n\t<meta property=\"og:image:height\" content=\"1500\" \/>\n\t<meta property=\"og:image:type\" content=\"image\/jpeg\" \/>\n<meta name=\"author\" content=\"Jaime Lammerding\" \/>\n<meta name=\"twitter:card\" content=\"summary_large_image\" \/>\n<meta name=\"twitter:label1\" content=\"\u00c9crit par\" \/>\n\t<meta name=\"twitter:data1\" content=\"Jaime Lammerding\" \/>\n\t<meta name=\"twitter:label2\" content=\"Dur\u00e9e de lecture estim\u00e9e\" \/>\n\t<meta name=\"twitter:data2\" content=\"4 minutes\" \/>\n<script type=\"application\/ld+json\" class=\"yoast-schema-graph\">{\"@context\":\"https:\\\/\\\/schema.org\",\"@graph\":[{\"@type\":\"Article\",\"@id\":\"https:\\\/\\\/www.csc-sask.ca\\\/weekly-roundup-may-12-18\\\/#article\",\"isPartOf\":{\"@id\":\"https:\\\/\\\/www.csc-sask.ca\\\/weekly-roundup-may-12-18\\\/\"},\"author\":{\"name\":\"Jaime Lammerding\",\"@id\":\"https:\\\/\\\/www.csc-sask.ca\\\/fr\\\/#\\\/schema\\\/person\\\/6bd5f36043a415e94e6b666809b484c3\"},\"headline\":\"R\u00c9SUM\u00c9 HEBDOMADAIRE DU 12 AU 18 MAI\",\"datePublished\":\"2021-05-22T15:22:00+00:00\",\"dateModified\":\"2021-11-09T15:23:25+00:00\",\"mainEntityOfPage\":{\"@id\":\"https:\\\/\\\/www.csc-sask.ca\\\/weekly-roundup-may-12-18\\\/\"},\"wordCount\":926,\"image\":{\"@id\":\"https:\\\/\\\/www.csc-sask.ca\\\/weekly-roundup-may-12-18\\\/#primaryimage\"},\"thumbnailUrl\":\"https:\\\/\\\/www.csc-sask.ca\\\/wp-content\\\/uploads\\\/2021\\\/04\\\/210329-CSCS-Round-Up-Post-1.jpg\",\"keywords\":[\"Emily Clark\",\"Jeux olympiques\",\"Quinn Dornstauder\",\"Tammara Thibeault\"],\"articleSection\":[\"Non classifi\u00e9(e)\"],\"inLanguage\":\"fr-FR\"},{\"@type\":\"WebPage\",\"@id\":\"https:\\\/\\\/www.csc-sask.ca\\\/weekly-roundup-may-12-18\\\/\",\"url\":\"https:\\\/\\\/www.csc-sask.ca\\\/weekly-roundup-may-12-18\\\/\",\"name\":\"R\u00c9SUM\u00c9 HEBDOMADAIRE DU 12 AU 18 MAI - Canadian Sport Centre Saskatchewan\",\"isPartOf\":{\"@id\":\"https:\\\/\\\/www.csc-sask.ca\\\/fr\\\/#website\"},\"primaryImageOfPage\":{\"@id\":\"https:\\\/\\\/www.csc-sask.ca\\\/weekly-roundup-may-12-18\\\/#primaryimage\"},\"image\":{\"@id\":\"https:\\\/\\\/www.csc-sask.ca\\\/weekly-roundup-may-12-18\\\/#primaryimage\"},\"thumbnailUrl\":\"https:\\\/\\\/www.csc-sask.ca\\\/wp-content\\\/uploads\\\/2021\\\/04\\\/210329-CSCS-Round-Up-Post-1.jpg\",\"datePublished\":\"2021-05-22T15:22:00+00:00\",\"dateModified\":\"2021-11-09T15:23:25+00:00\",\"author\":{\"@id\":\"https:\\\/\\\/www.csc-sask.ca\\\/fr\\\/#\\\/schema\\\/person\\\/6bd5f36043a415e94e6b666809b484c3\"},\"breadcrumb\":{\"@id\":\"https:\\\/\\\/www.csc-sask.ca\\\/weekly-roundup-may-12-18\\\/#breadcrumb\"},\"inLanguage\":\"fr-FR\",\"potentialAction\":[{\"@type\":\"ReadAction\",\"target\":[\"https:\\\/\\\/www.csc-sask.ca\\\/weekly-roundup-may-12-18\\\/\"]}]},{\"@type\":\"ImageObject\",\"inLanguage\":\"fr-FR\",\"@id\":\"https:\\\/\\\/www.csc-sask.ca\\\/weekly-roundup-may-12-18\\\/#primaryimage\",\"url\":\"https:\\\/\\\/www.csc-sask.ca\\\/wp-content\\\/uploads\\\/2021\\\/04\\\/210329-CSCS-Round-Up-Post-1.jpg\",\"contentUrl\":\"https:\\\/\\\/www.csc-sask.ca\\\/wp-content\\\/uploads\\\/2021\\\/04\\\/210329-CSCS-Round-Up-Post-1.jpg\",\"width\":2000,\"height\":1500},{\"@type\":\"BreadcrumbList\",\"@id\":\"https:\\\/\\\/www.csc-sask.ca\\\/weekly-roundup-may-12-18\\\/#breadcrumb\",\"itemListElement\":[{\"@type\":\"ListItem\",\"position\":1,\"name\":\"Home\",\"item\":\"https:\\\/\\\/www.csc-sask.ca\\\/fr\\\/\"},{\"@type\":\"ListItem\",\"position\":2,\"name\":\"R\u00c9SUM\u00c9 HEBDOMADAIRE DU 12 AU 18 MAI\"}]},{\"@type\":\"WebSite\",\"@id\":\"https:\\\/\\\/www.csc-sask.ca\\\/fr\\\/#website\",\"url\":\"https:\\\/\\\/www.csc-sask.ca\\\/fr\\\/\",\"name\":\"Canadian Sport Centre Saskatchewan\",\"description\":\"\",\"potentialAction\":[{\"@type\":\"SearchAction\",\"target\":{\"@type\":\"EntryPoint\",\"urlTemplate\":\"https:\\\/\\\/www.csc-sask.ca\\\/fr\\\/?s={search_term_string}\"},\"query-input\":{\"@type\":\"PropertyValueSpecification\",\"valueRequired\":true,\"valueName\":\"search_term_string\"}}],\"inLanguage\":\"fr-FR\"},{\"@type\":\"Person\",\"@id\":\"https:\\\/\\\/www.csc-sask.ca\\\/fr\\\/#\\\/schema\\\/person\\\/6bd5f36043a415e94e6b666809b484c3\",\"name\":\"Jaime Lammerding\",\"image\":{\"@type\":\"ImageObject\",\"inLanguage\":\"fr-FR\",\"@id\":\"https:\\\/\\\/secure.gravatar.com\\\/avatar\\\/7c635994dda06c589226c6ff91a8b67d006bcc7c4217113bc1e34e35c8d6ef51?s=96&d=mm&r=g\",\"url\":\"https:\\\/\\\/secure.gravatar.com\\\/avatar\\\/7c635994dda06c589226c6ff91a8b67d006bcc7c4217113bc1e34e35c8d6ef51?s=96&d=mm&r=g\",\"contentUrl\":\"https:\\\/\\\/secure.gravatar.com\\\/avatar\\\/7c635994dda06c589226c6ff91a8b67d006bcc7c4217113bc1e34e35c8d6ef51?s=96&d=mm&r=g\",\"caption\":\"Jaime Lammerding\"},\"url\":\"https:\\\/\\\/www.csc-sask.ca\\\/fr\\\/author\\\/jaimecscs\\\/\"}]}<\/script>\n<!-- \/ Yoast SEO plugin. -->","yoast_head_json":{"title":"R\u00c9SUM\u00c9 HEBDOMADAIRE DU 12 AU 18 MAI - Canadian Sport Centre Saskatchewan","robots":{"index":"index","follow":"follow","max-snippet":"max-snippet:-1","max-image-preview":"max-image-preview:large","max-video-preview":"max-video-preview:-1"},"canonical":"https:\/\/www.csc-sask.ca\/weekly-roundup-may-12-18\/","og_locale":"fr_FR","og_type":"article","og_title":"R\u00c9SUM\u00c9 HEBDOMADAIRE DU 12 AU 18 MAI - Canadian Sport Centre Saskatchewan","og_description":"Thibeault d\u00e9croche une place pour Tokyo La boxeuse Tammara&nbsp;Thibeault, originaire de Regina, a \u00e9t\u00e9 nomm\u00e9e dans l\u2019\u00e9quipe de boxe dans la cat\u00e9gorie des 75&nbsp;kilogrammes pour les Jeux olympiques de Tokyo. Int\u00e9grer Tweet Ce sera la premi\u00e8re fois qu\u2019elle participe aux Jeux, apr\u00e8s avoir remport\u00e9 une m\u00e9daille d\u2019argent aux Jeux panam\u00e9ricains de&nbsp;2019. Les groupes de basketball [&hellip;]","og_url":"https:\/\/www.csc-sask.ca\/weekly-roundup-may-12-18\/","og_site_name":"Canadian Sport Centre Saskatchewan","article_published_time":"2021-05-22T15:22:00+00:00","article_modified_time":"2021-11-09T15:23:25+00:00","og_image":[{"width":2000,"height":1500,"url":"https:\/\/www.csc-sask.ca\/wp-content\/uploads\/2021\/04\/210329-CSCS-Round-Up-Post-1.jpg","type":"image\/jpeg"}],"author":"Jaime Lammerding","twitter_card":"summary_large_image","twitter_misc":{"\u00c9crit par":"Jaime Lammerding","Dur\u00e9e de lecture estim\u00e9e":"4 minutes"},"schema":{"@context":"https:\/\/schema.org","@graph":[{"@type":"Article","@id":"https:\/\/www.csc-sask.ca\/weekly-roundup-may-12-18\/#article","isPartOf":{"@id":"https:\/\/www.csc-sask.ca\/weekly-roundup-may-12-18\/"},"author":{"name":"Jaime Lammerding","@id":"https:\/\/www.csc-sask.ca\/fr\/#\/schema\/person\/6bd5f36043a415e94e6b666809b484c3"},"headline":"R\u00c9SUM\u00c9 HEBDOMADAIRE DU 12 AU 18 MAI","datePublished":"2021-05-22T15:22:00+00:00","dateModified":"2021-11-09T15:23:25+00:00","mainEntityOfPage":{"@id":"https:\/\/www.csc-sask.ca\/weekly-roundup-may-12-18\/"},"wordCount":926,"image":{"@id":"https:\/\/www.csc-sask.ca\/weekly-roundup-may-12-18\/#primaryimage"},"thumbnailUrl":"https:\/\/www.csc-sask.ca\/wp-content\/uploads\/2021\/04\/210329-CSCS-Round-Up-Post-1.jpg","keywords":["Emily Clark","Jeux olympiques","Quinn Dornstauder","Tammara Thibeault"],"articleSection":["Non classifi\u00e9(e)"],"inLanguage":"fr-FR"},{"@type":"WebPage","@id":"https:\/\/www.csc-sask.ca\/weekly-roundup-may-12-18\/","url":"https:\/\/www.csc-sask.ca\/weekly-roundup-may-12-18\/","name":"R\u00c9SUM\u00c9 HEBDOMADAIRE DU 12 AU 18 MAI - Canadian Sport Centre Saskatchewan","isPartOf":{"@id":"https:\/\/www.csc-sask.ca\/fr\/#website"},"primaryImageOfPage":{"@id":"https:\/\/www.csc-sask.ca\/weekly-roundup-may-12-18\/#primaryimage"},"image":{"@id":"https:\/\/www.csc-sask.ca\/weekly-roundup-may-12-18\/#primaryimage"},"thumbnailUrl":"https:\/\/www.csc-sask.ca\/wp-content\/uploads\/2021\/04\/210329-CSCS-Round-Up-Post-1.jpg","datePublished":"2021-05-22T15:22:00+00:00","dateModified":"2021-11-09T15:23:25+00:00","author":{"@id":"https:\/\/www.csc-sask.ca\/fr\/#\/schema\/person\/6bd5f36043a415e94e6b666809b484c3"},"breadcrumb":{"@id":"https:\/\/www.csc-sask.ca\/weekly-roundup-may-12-18\/#breadcrumb"},"inLanguage":"fr-FR","potentialAction":[{"@type":"ReadAction","target":["https:\/\/www.csc-sask.ca\/weekly-roundup-may-12-18\/"]}]},{"@type":"ImageObject","inLanguage":"fr-FR","@id":"https:\/\/www.csc-sask.ca\/weekly-roundup-may-12-18\/#primaryimage","url":"https:\/\/www.csc-sask.ca\/wp-content\/uploads\/2021\/04\/210329-CSCS-Round-Up-Post-1.jpg","contentUrl":"https:\/\/www.csc-sask.ca\/wp-content\/uploads\/2021\/04\/210329-CSCS-Round-Up-Post-1.jpg","width":2000,"height":1500},{"@type":"BreadcrumbList","@id":"https:\/\/www.csc-sask.ca\/weekly-roundup-may-12-18\/#breadcrumb","itemListElement":[{"@type":"ListItem","position":1,"name":"Home","item":"https:\/\/www.csc-sask.ca\/fr\/"},{"@type":"ListItem","position":2,"name":"R\u00c9SUM\u00c9 HEBDOMADAIRE DU 12 AU 18 MAI"}]},{"@type":"WebSite","@id":"https:\/\/www.csc-sask.ca\/fr\/#website","url":"https:\/\/www.csc-sask.ca\/fr\/","name":"Canadian Sport Centre Saskatchewan","description":"","potentialAction":[{"@type":"SearchAction","target":{"@type":"EntryPoint","urlTemplate":"https:\/\/www.csc-sask.ca\/fr\/?s={search_term_string}"},"query-input":{"@type":"PropertyValueSpecification","valueRequired":true,"valueName":"search_term_string"}}],"inLanguage":"fr-FR"},{"@type":"Person","@id":"https:\/\/www.csc-sask.ca\/fr\/#\/schema\/person\/6bd5f36043a415e94e6b666809b484c3","name":"Jaime Lammerding","image":{"@type":"ImageObject","inLanguage":"fr-FR","@id":"https:\/\/secure.gravatar.com\/avatar\/7c635994dda06c589226c6ff91a8b67d006bcc7c4217113bc1e34e35c8d6ef51?s=96&d=mm&r=g","url":"https:\/\/secure.gravatar.com\/avatar\/7c635994dda06c589226c6ff91a8b67d006bcc7c4217113bc1e34e35c8d6ef51?s=96&d=mm&r=g","contentUrl":"https:\/\/secure.gravatar.com\/avatar\/7c635994dda06c589226c6ff91a8b67d006bcc7c4217113bc1e34e35c8d6ef51?s=96&d=mm&r=g","caption":"Jaime Lammerding"},"url":"https:\/\/www.csc-sask.ca\/fr\/author\/jaimecscs\/"}]}},"_links":{"self":[{"href":"https:\/\/www.csc-sask.ca\/fr\/wp-json\/wp\/v2\/posts\/2220","targetHints":{"allow":["GET"]}}],"collection":[{"href":"https:\/\/www.csc-sask.ca\/fr\/wp-json\/wp\/v2\/posts"}],"about":[{"href":"https:\/\/www.csc-sask.ca\/fr\/wp-json\/wp\/v2\/types\/post"}],"author":[{"embeddable":true,"href":"https:\/\/www.csc-sask.ca\/fr\/wp-json\/wp\/v2\/users\/3"}],"replies":[{"embeddable":true,"href":"https:\/\/www.csc-sask.ca\/fr\/wp-json\/wp\/v2\/comments?post=2220"}],"version-history":[{"count":1,"href":"https:\/\/www.csc-sask.ca\/fr\/wp-json\/wp\/v2\/posts\/2220\/revisions"}],"predecessor-version":[{"id":2221,"href":"https:\/\/www.csc-sask.ca\/fr\/wp-json\/wp\/v2\/posts\/2220\/revisions\/2221"}],"wp:featuredmedia":[{"embeddable":true,"href":"https:\/\/www.csc-sask.ca\/fr\/wp-json\/wp\/v2\/media\/1883"}],"wp:attachment":[{"href":"https:\/\/www.csc-sask.ca\/fr\/wp-json\/wp\/v2\/media?parent=2220"}],"wp:term":[{"taxonomy":"category","embeddable":true,"href":"https:\/\/www.csc-sask.ca\/fr\/wp-json\/wp\/v2\/categories?post=2220"},{"taxonomy":"post_tag","embeddable":true,"href":"https:\/\/www.csc-sask.ca\/fr\/wp-json\/wp\/v2\/tags?post=2220"}],"curies":[{"name":"wp","href":"https:\/\/api.w.org\/{rel}","templated":true}]}}